{"id":873,"date":"2019-03-22T23:03:57","date_gmt":"2019-03-22T22:03:57","guid":{"rendered":"http:\/\/www.legambientevda.it\/?p=873"},"modified":"2020-04-26T15:19:17","modified_gmt":"2020-04-26T13:19:17","slug":"vieni-a-conoscere-le-zone-umide-della-valle-daosta","status":"publish","type":"post","link":"https:\/\/www.legambientevda.it\/index.php\/2019\/03\/22\/vieni-a-conoscere-le-zone-umide-della-valle-daosta\/","title":{"rendered":"VIENI A CONOSCERE LE ZONE UMIDE DELLA VALLE D&#8217;AOSTA"},"content":{"rendered":"\n<h2 class=\"wp-block-heading\">Cinque appuntamenti aperti a tutti, proposti in sinergia dal Cigno Verde e dall&#8217;Assessorato regionale all&#8217;ambiente<br><\/h2>\n\n\n\n<p><br>Le zone umide sono ecosistemi importanti, veri scrigni di biodiversit\u00e0.Per questo l&#8217;Unione Europea li protegge in modo rigoroso. Anche in Valle d&#8217;Aosta \u00e8 possibile conoscerle e visitarle, per comprenderne la variet\u00e0 e la bellezza, spesso poco conosciute.<\/p>\n\n\n\n<p>Legambiente e la Regione Valle d&#8217;Aosta organizzano una conferenza introduttiva e 4 visite nei prossimi mesi, per dare l&#8217;occasione ai cittadini di riscoprire questi luoghi unici e affascinanti.<\/p>\n\n\n\n<p>Telefona al numero in fondo alla locandina o scrivi all&#8217;indirizzo mail indicato. Affrettati, i posti sono limitati!<\/p>\n\n\n\n<figure class=\"wp-block-image\"><img decoding=\"async\" loading=\"lazy\" width=\"724\" height=\"1024\" src=\"http:\/\/www.legambientevda.it\/wp-content\/uploads\/2019\/03\/Locandina-iniziative-zone-umide-001-1-2-724x1024.jpg\" alt=\"\" class=\"wp-image-874\" srcset=\"https:\/\/www.legambientevda.it\/wp-content\/uploads\/2019\/03\/Locandina-iniziative-zone-umide-001-1-2-724x1024.jpg 724w, https:\/\/www.legambientevda.it\/wp-content\/uploads\/2019\/03\/Locandina-iniziative-zone-umide-001-1-2-212x300.jpg 212w, https:\/\/www.legambientevda.it\/wp-content\/uploads\/2019\/03\/Locandina-iniziative-zone-umide-001-1-2.jpg 1190w\" sizes=\"(max-width: 724px) 100vw, 724px\" \/><\/figure>\n","protected":false},"excerpt":{"rendered":"<p>Cinque appuntamenti aperti a tutti, proposti in sinergia dal Cigno Verde e dall&#8217;Assessorato regionale all&#8217;ambiente Le zone umide sono ecosistemi importanti, veri scrigni di biodiversit\u00e0.Per questo l&#8217;Unione Europea li protegge in modo rigoroso. Anche in Valle d&#8217;Aosta \u00e8 possibile conoscerle e visitarle, per comprenderne la variet\u00e0 e la bellezza, spesso poco conosciute. Legambiente e la &hellip; <a href=\"https:\/\/www.legambientevda.it\/index.php\/2019\/03\/22\/vieni-a-conoscere-le-zone-umide-della-valle-daosta\/\" class=\"more-link\">Continua la lettura di <span class=\"screen-reader-text\">VIENI A CONOSCERE LE ZONE UMIDE DELLA VALLE D&#8217;AOSTA<\/span> <span class=\"meta-nav\">&rarr;<\/span><\/a><\/p>\n","protected":false},"author":1,"featured_media":886,"comment_status":"closed","ping_status":"open","sticky":false,"template":"","format":"standard","meta":{"jetpack_post_was_ever_published":false,"_jetpack_newsletter_access":"","footnotes":""},"categories":[27],"tags":[125],"jetpack_featured_media_url":"https:\/\/www.legambientevda.it\/wp-content\/uploads\/2019\/03\/th.jpg","jetpack_sharing_enabled":true,"jetpack_shortlink":"https:\/\/wp.me\/p76AmJ-e5","jetpack-related-posts":[{"id":1632,"url":"https:\/\/www.legambientevda.it\/index.php\/2025\/02\/04\/le-torbiere-queste-sconosciute\/","url_meta":{"origin":873,"position":0},"title":"LE TORBIERE QUESTE SCONOSCIUTE","author":"adminvda","date":"4 Febbraio 2025","format":false,"excerpt":"CONFERENZA SABATO 8 FEBBRAIO-ORE 15.30 - SALA DELLA BIBLIOTECA COMUNALE DI SAINT CHRISTOPHE \u00a0 In occasione della Giornata Mondiale dedicata alle Zone Umide, che si celebra il 2 febbraio,( https:\/\/www.worldwetlandsday.org\/ ), il nostro Circolo ha deciso di contribuire alla divulgazione degli studi su un tipo particolare di zone umide, le\u2026","rel":"","context":"In &quot;comunicato stampa&quot;","block_context":{"text":"comunicato stampa","link":"https:\/\/www.legambientevda.it\/index.php\/category\/comunicato-stampa\/"},"img":{"alt_text":"","src":"https:\/\/i0.wp.com\/www.legambientevda.it\/wp-content\/uploads\/2025\/02\/Locandina.png?resize=350%2C200&ssl=1","width":350,"height":200,"srcset":"https:\/\/i0.wp.com\/www.legambientevda.it\/wp-content\/uploads\/2025\/02\/Locandina.png?resize=350%2C200&ssl=1 1x, https:\/\/i0.wp.com\/www.legambientevda.it\/wp-content\/uploads\/2025\/02\/Locandina.png?resize=525%2C300&ssl=1 1.5x, https:\/\/i0.wp.com\/www.legambientevda.it\/wp-content\/uploads\/2025\/02\/Locandina.png?resize=700%2C400&ssl=1 2x"},"classes":[]},{"id":1734,"url":"https:\/\/www.legambientevda.it\/index.php\/2026\/02\/02\/il-marais-di-morgex-la-salle\/","url_meta":{"origin":873,"position":1},"title":"IL MARAIS DI MORGEX \u2013 LA SALLE\u00a0","author":"adminvda","date":"2 Febbraio 2026","format":false,"excerpt":"UNA ZONA UMIDA ALLA RICERCA DELLA SOSTENIBILITA', TRA BIODIVERSITA' E TURISMO ESPERIENZIALE Oggi,\u00a02\u00a0febbraio,\u00a0ricorre la\u00a0Giornata Mondiale delle Zone Umide\u00a0che celebra la firma, avvenuta nel 1971, della Convenzione di Ramsar sulle zone umide.\u00a0 Legambiente, nelle sue articolazioni locale e interregionale, ha organizzato per\u00a0venerd\u00ec 6 febbraio, insieme al\u00a0Comitato Dora Baltea Viva, un evento\u2026","rel":"","context":"In &quot;comunicato stampa&quot;","block_context":{"text":"comunicato stampa","link":"https:\/\/www.legambientevda.it\/index.php\/category\/comunicato-stampa\/"},"img":{"alt_text":"","src":"https:\/\/i0.wp.com\/www.legambientevda.it\/wp-content\/uploads\/2026\/02\/Convegno-Morgex-Marais.jpeg?resize=350%2C200&ssl=1","width":350,"height":200},"classes":[]},{"id":887,"url":"https:\/\/www.legambientevda.it\/index.php\/2019\/04\/08\/un-aprile-con-legambiente\/","url_meta":{"origin":873,"position":2},"title":"UN APRILE CON LEGAMBIENTE!","author":"adminvda","date":"8 Aprile 2019","format":false,"excerpt":"MOLTI GLI APPUNTAMENTI PREVISTI, UN PO' PER TUTTI I GUSTI, MA TUTTI ALL'INSEGNA DELLA SOSTENIBILITA' E DELLE IDEE NUOVE CHE FANNO BENE ALL' AMBIENTE. E' un aprile ricco di momenti pubblici a cui partecipare quello che il nostro Circolo propone a tutti i cittadini che hanno a cuore lo sviluppo\u2026","rel":"","context":"In &quot;iniziative sul territorio&quot;","block_context":{"text":"iniziative sul territorio","link":"https:\/\/www.legambientevda.it\/index.php\/category\/iniziative-sul-territorio\/"},"img":{"alt_text":"","src":"https:\/\/i0.wp.com\/www.legambientevda.it\/wp-content\/uploads\/2019\/04\/64372.jpg?resize=350%2C200&ssl=1","width":350,"height":200,"srcset":"https:\/\/i0.wp.com\/www.legambientevda.it\/wp-content\/uploads\/2019\/04\/64372.jpg?resize=350%2C200&ssl=1 1x, https:\/\/i0.wp.com\/www.legambientevda.it\/wp-content\/uploads\/2019\/04\/64372.jpg?resize=525%2C300&ssl=1 1.5x, https:\/\/i0.wp.com\/www.legambientevda.it\/wp-content\/uploads\/2019\/04\/64372.jpg?resize=700%2C400&ssl=1 2x, https:\/\/i0.wp.com\/www.legambientevda.it\/wp-content\/uploads\/2019\/04\/64372.jpg?resize=1050%2C600&ssl=1 3x"},"classes":[]},{"id":1115,"url":"https:\/\/www.legambientevda.it\/index.php\/2020\/07\/28\/carovana-delle-alpi-2020-bandiera-nera-alle-giunte-regionali-e-amministrazioni-comunali-di-issogne-e-champdepraz-in-carica-dal-2014-al-2019\/","url_meta":{"origin":873,"position":3},"title":"carovana delle alpi 2020. bandiera nera alle giunte regionali e amministrazioni comunali di issogne e champdepraz in carica dal 2014 al 2019","author":"adminvda","date":"28 Luglio 2020","format":false,"excerpt":"MOTIVAZIONE: per aver autorizzato la realizzazione di una discarica per \u201crifiuti speciali non pericolosi\u201d a due passi dal Parco Naturale del Mont Avic, scrigno di ambienti protetti e biodiversit\u00e0 montana. Dal sito istituzionale della Regione Autonoma Valle d'Aosta: \u201cIl Parco Naturale Mont Avic, primo parco naturale valdostano, \u00e8 stato istituito\u2026","rel":"","context":"In &quot;iniziative sul territorio&quot;","block_context":{"text":"iniziative sul territorio","link":"https:\/\/www.legambientevda.it\/index.php\/category\/iniziative-sul-territorio\/"},"img":{"alt_text":"","src":"","width":0,"height":0},"classes":[]},{"id":1540,"url":"https:\/\/www.legambientevda.it\/index.php\/2024\/02\/23\/quale-energia-per-una-valle-daosta-libera-da-combustibili-fossili\/","url_meta":{"origin":873,"position":4},"title":"QUALE ENERGIA PER UNA VALLE D&#8217;AOSTA LIBERA DA COMBUSTIBILI FOSSILI?","author":"adminvda","date":"23 Febbraio 2024","format":false,"excerpt":"TRE INCONTRI PUBBLICI SULLA POLITICA ENERGETICA IN VDA legambientevda 19 feb 2024, 17:02 (4 giorni fa) \u00a0 \u00a0 a Legambientevda \u00a0 \u00a0 \u00a0 \u00a0 \u00a0 \u00a0 (Vedi locandina allegata) QUALE ENERGIA PER UNA VALLE D'AOSTA LIBERA DA COMBUSTIBILI FOSSILI? TRE INCONTRI PUBBLICI SULLA POLITICA ENERGETICA IN VDA \u00a0 LegambienteVda, Valle\u2026","rel":"","context":"In &quot;informazione&quot;","block_context":{"text":"informazione","link":"https:\/\/www.legambientevda.it\/index.php\/category\/informazione\/"},"img":{"alt_text":"","src":"https:\/\/i0.wp.com\/www.legambientevda.it\/wp-content\/uploads\/2024\/02\/Screenshot-2024-02-19-alle-12.45.211.png?resize=350%2C200&ssl=1","width":350,"height":200,"srcset":"https:\/\/i0.wp.com\/www.legambientevda.it\/wp-content\/uploads\/2024\/02\/Screenshot-2024-02-19-alle-12.45.211.png?resize=350%2C200&ssl=1 1x, https:\/\/i0.wp.com\/www.legambientevda.it\/wp-content\/uploads\/2024\/02\/Screenshot-2024-02-19-alle-12.45.211.png?resize=525%2C300&ssl=1 1.5x, https:\/\/i0.wp.com\/www.legambientevda.it\/wp-content\/uploads\/2024\/02\/Screenshot-2024-02-19-alle-12.45.211.png?resize=700%2C400&ssl=1 2x"},"classes":[]},{"id":188,"url":"https:\/\/www.legambientevda.it\/index.php\/2012\/08\/29\/le-zone-umide-da-salvaguardare\/","url_meta":{"origin":873,"position":5},"title":"Le zone umide da salvaguardare","author":"adminvda","date":"29 Agosto 2012","format":false,"excerpt":"Siamo in vacanza in Valtournenche, come sempre negli ultimi 8 anni. Una valle certo pesantemente sfruttata, ma ancora con scorci maestosi e angoli di vera bellezza alpina. Con la famiglia proviamo un nuovo sentiero. Dopo aver fatto l\u20198 da Perr\u00e8res a Promoron (un largo sentiero in piano, un classico per\u2026","rel":"","context":"In &quot;azioni di salvaguardia&quot;","block_context":{"text":"azioni di salvaguardia","link":"https:\/\/www.legambientevda.it\/index.php\/category\/azioni-di-salvaguardia\/"},"img":{"alt_text":"","src":"https:\/\/i0.wp.com\/www.legambientevda.it\/wp-content\/uploads\/2016\/04\/Valtournenche003.jpg?resize=350%2C200&ssl=1","width":350,"height":200,"srcset":"https:\/\/i0.wp.com\/www.legambientevda.it\/wp-content\/uploads\/2016\/04\/Valtournenche003.jpg?resize=350%2C200&ssl=1 1x, https:\/\/i0.wp.com\/www.legambientevda.it\/wp-content\/uploads\/2016\/04\/Valtournenche003.jpg?resize=525%2C300&ssl=1 1.5x, https:\/\/i0.wp.com\/www.legambientevda.it\/wp-content\/uploads\/2016\/04\/Valtournenche003.jpg?resize=700%2C400&ssl=1 2x, https:\/\/i0.wp.com\/www.legambientevda.it\/wp-content\/uploads\/2016\/04\/Valtournenche003.jpg?resize=1050%2C600&ssl=1 3x, https:\/\/i0.wp.com\/www.legambientevda.it\/wp-content\/uploads\/2016\/04\/Valtournenche003.jpg?resize=1400%2C800&ssl=1 4x"},"classes":[]}],"jetpack_likes_enabled":true,"_links":{"self":[{"href":"https:\/\/www.legambientevda.it\/index.php\/wp-json\/wp\/v2\/posts\/873"}],"collection":[{"href":"https:\/\/www.legambientevda.it\/index.php\/wp-json\/wp\/v2\/posts"}],"about":[{"href":"https:\/\/www.legambientevda.it\/index.php\/wp-json\/wp\/v2\/types\/post"}],"author":[{"embeddable":true,"href":"https:\/\/www.legambientevda.it\/index.php\/wp-json\/wp\/v2\/users\/1"}],"replies":[{"embeddable":true,"href":"https:\/\/www.legambientevda.it\/index.php\/wp-json\/wp\/v2\/comments?post=873"}],"version-history":[{"count":1,"href":"https:\/\/www.legambientevda.it\/index.php\/wp-json\/wp\/v2\/posts\/873\/revisions"}],"predecessor-version":[{"id":875,"href":"https:\/\/www.legambientevda.it\/index.php\/wp-json\/wp\/v2\/posts\/873\/revisions\/875"}],"wp:featuredmedia":[{"embeddable":true,"href":"https:\/\/www.legambientevda.it\/index.php\/wp-json\/wp\/v2\/media\/886"}],"wp:attachment":[{"href":"https:\/\/www.legambientevda.it\/index.php\/wp-json\/wp\/v2\/media?parent=873"}],"wp:term":[{"taxonomy":"category","embeddable":true,"href":"https:\/\/www.legambientevda.it\/index.php\/wp-json\/wp\/v2\/categories?post=873"},{"taxonomy":"post_tag","embeddable":true,"href":"https:\/\/www.legambientevda.it\/index.php\/wp-json\/wp\/v2\/tags?post=873"}],"curies":[{"name":"wp","href":"https:\/\/api.w.org\/{rel}","templated":true}]}}