{"id":870,"date":"2019-03-12T23:10:25","date_gmt":"2019-03-12T22:10:25","guid":{"rendered":"http:\/\/www.legambientevda.it\/?p=870"},"modified":"2019-03-12T23:10:35","modified_gmt":"2019-03-12T22:10:35","slug":"ma-non-si-chiamava-trasparenza-amministrativa","status":"publish","type":"post","link":"https:\/\/www.legambientevda.it\/index.php\/2019\/03\/12\/ma-non-si-chiamava-trasparenza-amministrativa\/","title":{"rendered":"Ma non si chiamava trasparenza amministrativa?"},"content":{"rendered":"\n<h4 class=\"wp-block-heading\"> Comunicato stampa congiunto di Legambiente VDA, ArciVDA, Libera VDA e Vallevirtuosa<\/h4>\n\n\n\n<p>Da\nqualche settimana l&#8217;Amministrazione Regionale ha modificato le regole\ndi pubblicazione sul sito istituzionale dei vari atti amministrativi\n(Deliberazioni della Giunta, Determinazioni Dirigenziali, Decreti del\nPresidente della Giunta). In precedenza il cittadino poteva in ogni\nmomento consultare liberamente le prime due tipologie accedendo alle\nsezioni apposite del sito, che conteneva tutti gli atti\namministrativi pubblicati dall\u2019avvio della digitalizzazione\n(intorno all\u2019anno 2000, se la memoria ci assiste). Soltanto i\nDecreti del Presidente non erano accessibili in questo modo,\nrimanendo leggibili soltanto nel Bollettino Ufficiale Regionale\n(BURVA). \n<\/p>\n\n\n\n<p>Ora\ntutto \u00e8 improvvisamente cambiato. \n<\/p>\n\n\n\n<p>La\nRegione ha adottato, in apparenza, una procedura simile a quella in\nuso nelle Amministrazioni Comunali. Gli atti amministrativi vengono\npubblicati per sole due settimane, decorse le quali restano visibili\ni soli estremi (data di approvazione e oggetto). Per leggere gli\natti, si rende quindi necessario richiedere l\u2019accesso, attraverso\nl\u2019apposita modulistica.<\/p>\n\n\n\n<p>In\napparenza, dicevamo, perch\u00e8 in realt\u00e0 non cos\u00ec avviene nei Comuni,\nai quali l\u2019Amministrazione Regionale, pare volersi uniformare. Gli\natti comunali, scaduto il termine di pubblicazione, dovrebbero\ninfatti confluire nel Portale della Trasparenza, presente sul sito\nCELVA. Diciamo \u201cdovrebbero\u201d in quanto, ad oggi, la situazione \u00e8\na macchia di leopardo, ma la procedura \u00e8 comunque in atto. Non tutti\ni Comuni sono in regola, e auspichiamo che a breve questo avvenga.<\/p>\n\n\n\n<p>Ma\nla scelta della Regione, come \u00e8 ovvio, limita fortemente, e di fatto\nannulla, il diritto dei cittadini alla trasparenza, ossia a conoscere\ne poter approfondire le scelte amministrative, e le motivazioni che\nad esse sottostanno. N\u00e8 si pu\u00f2 dire che il BURVA assolva a questa\nfunzione. In esso infatti sono pubblicati soltanto le parti\ndecisionali degli atti, omettendo le parti introduttive, che sovente,\nper non dire quasi sempre, rivestono l\u2019interesse maggiore per i\ncittadini. Per esempio, le Deliberazioni sui tagli al trasporto\npubblico locale degli anni 2012-2014 risultano incomprensibili se non\nsi pu\u00f2 leggere la parte di relazione, ma soltanto le nude cifre.\nInoltre i tempi di pubblicazione sono estremamente incerti, e non vi\n\u00e8 chiarezza sui criteri che li regolano.<\/p>\n\n\n\n<p>Non\ncos\u00ec avviene nelle altre Regioni Italiane dove o gli atti sono\npubblicati integralmente sui rispettivi Bollettini Ufficiali, o\npermane una sezione di ricerca diretta di tutti gli atti, oppure,\ncome avviene per esempio sul portale della Liguria, entrambe le cose.<\/p>\n\n\n\n<p><strong>Perch\u00e9\nsoltanto in VDA i cittadini devono essere obbligati ad avvalersi del\ndiritto all&#8217;accesso per ottenere documenti normalmente disponibili\nsul WEB?<\/strong>\nRicordiamo che questa procedura richiede tempo, pesando sia sul\nrichiedente sia sull&#8217;amministrazione che deve rispondere. In questo\nmodo si danneggia il lavoro delle categorie professionali, delle\nassociazioni, ma soprattutto, lo ripetiamo, si annullano i diritti\nalla trasparenza che appartengono a tutti i cittadini.<\/p>\n\n\n\n<p>Le\ncitazioni di legge presenti sul sito della Regione per motivare il\nnuovo corso risalgono a normative non recenti, in particolare, la\nL.R. 25\/2010, inerente il BURVA e l\u2019Albo Notiziario. Ma quella\nnorma \u00e8 stata interpretata in modo da comprimere un diritto\nfondamentale di tutti.<\/p>\n\n\n\n<p>E\npensare che oggi inizia a livello italiano, promossa dalla Presidenza\ndel Consiglio dei Ministri, la terza edizione della <strong>Settimana\ndell&#8217;Amministrazione Aperta<\/strong>,\ncon l&#8217;obiettivo di promuovere e sviluppare la cultura e la pratica\ndella trasparenza amministrativa&#8230; <strong>Chiediamo\nall&#8217;amministrazione Regionale di fare subito marcia indietro. <\/strong>\n<\/p>\n\n\n\n<p>In\ncaso contrario, ci riserviamo ulteriori azioni, anche di natura\nlegale, se necessario.<\/p>\n\n\n\n<p><\/p>\n","protected":false},"excerpt":{"rendered":"<p>Comunicato stampa congiunto di Legambiente VDA, ArciVDA, Libera VDA e Vallevirtuosa Da qualche settimana l&#8217;Amministrazione Regionale ha modificato le regole di pubblicazione sul sito istituzionale dei vari atti amministrativi (Deliberazioni della Giunta, Determinazioni Dirigenziali, Decreti del Presidente della Giunta). In precedenza il cittadino poteva in ogni momento consultare liberamente le prime due tipologie accedendo alle &hellip; <a href=\"https:\/\/www.legambientevda.it\/index.php\/2019\/03\/12\/ma-non-si-chiamava-trasparenza-amministrativa\/\" class=\"more-link\">Continua la lettura di <span class=\"screen-reader-text\">Ma non si chiamava trasparenza amministrativa?<\/span> <span class=\"meta-nav\">&rarr;<\/span><\/a><\/p>\n","protected":false},"author":1,"featured_media":578,"comment_status":"closed","ping_status":"open","sticky":false,"template":"","format":"standard","meta":{"jetpack_post_was_ever_published":false,"_jetpack_newsletter_access":"","footnotes":""},"categories":[5],"tags":[111],"jetpack_featured_media_url":"https:\/\/www.legambientevda.it\/wp-content\/uploads\/2017\/11\/palazzo_regionle.jpg","jetpack_sharing_enabled":true,"jetpack_shortlink":"https:\/\/wp.me\/p76AmJ-e2","jetpack-related-posts":[{"id":1646,"url":"https:\/\/www.legambientevda.it\/index.php\/2025\/04\/27\/il-fattore-g-come-glifosato\/","url_meta":{"origin":870,"position":0},"title":"IL FATTORE &#8220;G&#8221; COME GLIFOSATO.","author":"adminvda","date":"27 Aprile 2025","format":false,"excerpt":"Comunicato stampa congiunto di Vallevirtuosa, Legambiente VDA e Associazione Agricoltura Biologica e Biodinamica VDA In questi giorni di primavera, percorrendo le strade che attraversano comuni come Gressan, Joven\u00e7an, Aymavilles e altri della Plaine, si osservano scenari agricoli che sollevano interrogativi sull\u2019effettiva sostenibilit\u00e0 di alcuni vigneti e frutteti. La fotografia scattata\u2026","rel":"","context":"In &quot;comunicato stampa&quot;","block_context":{"text":"comunicato stampa","link":"https:\/\/www.legambientevda.it\/index.php\/category\/comunicato-stampa\/"},"img":{"alt_text":"","src":"https:\/\/i0.wp.com\/www.legambientevda.it\/wp-content\/uploads\/2025\/04\/20250401_144322.jpg?resize=350%2C200&ssl=1","width":350,"height":200,"srcset":"https:\/\/i0.wp.com\/www.legambientevda.it\/wp-content\/uploads\/2025\/04\/20250401_144322.jpg?resize=350%2C200&ssl=1 1x, https:\/\/i0.wp.com\/www.legambientevda.it\/wp-content\/uploads\/2025\/04\/20250401_144322.jpg?resize=525%2C300&ssl=1 1.5x, https:\/\/i0.wp.com\/www.legambientevda.it\/wp-content\/uploads\/2025\/04\/20250401_144322.jpg?resize=700%2C400&ssl=1 2x, https:\/\/i0.wp.com\/www.legambientevda.it\/wp-content\/uploads\/2025\/04\/20250401_144322.jpg?resize=1050%2C600&ssl=1 3x, https:\/\/i0.wp.com\/www.legambientevda.it\/wp-content\/uploads\/2025\/04\/20250401_144322.jpg?resize=1400%2C800&ssl=1 4x"},"classes":[]},{"id":739,"url":"https:\/\/www.legambientevda.it\/index.php\/2018\/12\/20\/nuovo-bando-per-il-sostegno-agli-affitti-la-protesta-della-rete-antirazzista\/","url_meta":{"origin":870,"position":1},"title":"Nuovo bando per il sostegno agli affitti : la protesta della Rete Antirazzista","author":"adminvda","date":"20 Dicembre 2018","format":false,"excerpt":"Pubblichiamo il comunicato stampa della Rete Antirazzista della Valle d'Aosta, della quale fa parte anche il nostro Circolo La Rete antirazzista della Valle d\u2019Aosta apprende con estrema indignazione la modifica al \u201cBando affitti 2018\u201d introdotta dalla Giunta regionale Spelgatti, oggi deposta, che introduce un elemento di evidente discriminazione tra cittadini\u2026","rel":"","context":"In &quot;comunicato stampa&quot;","block_context":{"text":"comunicato stampa","link":"https:\/\/www.legambientevda.it\/index.php\/category\/comunicato-stampa\/"},"img":{"alt_text":"","src":"https:\/\/i0.wp.com\/www.legambientevda.it\/wp-content\/uploads\/2018\/12\/file.jpeg?resize=350%2C200&ssl=1","width":350,"height":200,"srcset":"https:\/\/i0.wp.com\/www.legambientevda.it\/wp-content\/uploads\/2018\/12\/file.jpeg?resize=350%2C200&ssl=1 1x, https:\/\/i0.wp.com\/www.legambientevda.it\/wp-content\/uploads\/2018\/12\/file.jpeg?resize=525%2C300&ssl=1 1.5x"},"classes":[]},{"id":394,"url":"https:\/\/www.legambientevda.it\/index.php\/2016\/12\/23\/inviato-alla-regione-il-secondo-appello-sulluso-sostenibile-dei-pesticidi\/","url_meta":{"origin":870,"position":2},"title":"INVIATO ALLA REGIONE IL SECONDO APPELLO SULL&#8217;USO SOSTENIBILE DEI PESTICIDI","author":"adminvda","date":"23 Dicembre 2016","format":false,"excerpt":"Pubblichiamo integralmente il secondo appello che 10 Associazioni hanno indirizzato all'Amministrazione Regionale a favore di un'agricoltura libera dalla chimica. OGGETTO . UTILIZZO DI FITOFARMACI E PESTICIDI NELLA REGIONE AUTONOMA VALLE D\u2019AOSTA Nello scorso mese di maggio, alcune delle associazioni scriventi avevano inviato all\u2019Assessore all\u2019Agricoltura e al Presidente della Giunta Regionale\u2026","rel":"","context":"In &quot;azioni di salvaguardia&quot;","block_context":{"text":"azioni di salvaguardia","link":"https:\/\/www.legambientevda.it\/index.php\/category\/azioni-di-salvaguardia\/"},"img":{"alt_text":"","src":"","width":0,"height":0},"classes":[]},{"id":447,"url":"https:\/\/www.legambientevda.it\/index.php\/2017\/04\/07\/linee-guida-regionali-sui-pesticidi-associazioni-deluse-ma-confidiamo-sia-solo-un-primo-passo\/","url_meta":{"origin":870,"position":3},"title":"LINEE GUIDA REGIONALI SUI PESTICIDI :  ASSOCIAZIONI DELUSE, MA CONFIDIAMO SIA SOLO UN PRIMO PASSO","author":"adminvda","date":"7 Aprile 2017","format":false,"excerpt":"Comunicato congiunto sottoscritto da : Legambiente Valle d\u2019Aosta, ISDEVDA, ValleVirtuosa, Scuola di Pace VDA, Associazione AGROU, Associazione Cibo e Salute VDA, ARCI-Espace Populaire, Associazione Agricoltura Biologica e Biodinamica VDA, Associazione V.I.O.L.A., Cittadinanzattiva, Collettivo contadino \u201cLa terra che ride\u201d. E\u2019 stata approvata venerd\u00ec 23 marzo scorso la tanto attesa Deliberazione regionale\u2026","rel":"","context":"In &quot;comunicato stampa&quot;","block_context":{"text":"comunicato stampa","link":"https:\/\/www.legambientevda.it\/index.php\/category\/comunicato-stampa\/"},"img":{"alt_text":"","src":"https:\/\/i0.wp.com\/www.legambientevda.it\/wp-content\/uploads\/2017\/01\/IMG-20160416-WA0007.jpg?resize=350%2C200&ssl=1","width":350,"height":200,"srcset":"https:\/\/i0.wp.com\/www.legambientevda.it\/wp-content\/uploads\/2017\/01\/IMG-20160416-WA0007.jpg?resize=350%2C200&ssl=1 1x, https:\/\/i0.wp.com\/www.legambientevda.it\/wp-content\/uploads\/2017\/01\/IMG-20160416-WA0007.jpg?resize=525%2C300&ssl=1 1.5x, https:\/\/i0.wp.com\/www.legambientevda.it\/wp-content\/uploads\/2017\/01\/IMG-20160416-WA0007.jpg?resize=700%2C400&ssl=1 2x, https:\/\/i0.wp.com\/www.legambientevda.it\/wp-content\/uploads\/2017\/01\/IMG-20160416-WA0007.jpg?resize=1050%2C600&ssl=1 3x, https:\/\/i0.wp.com\/www.legambientevda.it\/wp-content\/uploads\/2017\/01\/IMG-20160416-WA0007.jpg?resize=1400%2C800&ssl=1 4x"},"classes":[]},{"id":1295,"url":"https:\/\/www.legambientevda.it\/index.php\/2022\/04\/04\/con-lomnibus-di-tutto-di-piu-e-la-giunta-regionale-abdica-alle-sue-prerogative-sulle-concessioni-delle-acque\/","url_meta":{"origin":870,"position":4},"title":"Con l\u2019Omnibus di tutto di pi\u00f9. e lA GIUNTA REGIONALE ABDICA ALLE SUE PREROGATIVE SULLE CONCESSIONI DELLE ACQUE","author":"adminvda","date":"4 Aprile 2022","format":false,"excerpt":"Le legge regionale n.52, legge di manutenzione dell\u2019ordinamento regionale, che approder\u00e0 probabilmente in Consiglio mercoled\u00ec, \u00e8 convenzionalmente denominata Omnibus in quanto contiene una lunga serie di elementi, i pi\u00f9 disparati, di modifica di atti o leggi precedenti. Fra i 34 articoli, che spaziano dai giochi tradizionali alle operazioni finanziarie della\u2026","rel":"","context":"In &quot;comunicato stampa&quot;","block_context":{"text":"comunicato stampa","link":"https:\/\/www.legambientevda.it\/index.php\/category\/comunicato-stampa\/"},"img":{"alt_text":"","src":"https:\/\/i0.wp.com\/www.legambientevda.it\/wp-content\/uploads\/2017\/06\/fmoro_05_300.jpg?resize=350%2C200&ssl=1","width":350,"height":200,"srcset":"https:\/\/i0.wp.com\/www.legambientevda.it\/wp-content\/uploads\/2017\/06\/fmoro_05_300.jpg?resize=350%2C200&ssl=1 1x, https:\/\/i0.wp.com\/www.legambientevda.it\/wp-content\/uploads\/2017\/06\/fmoro_05_300.jpg?resize=525%2C300&ssl=1 1.5x, https:\/\/i0.wp.com\/www.legambientevda.it\/wp-content\/uploads\/2017\/06\/fmoro_05_300.jpg?resize=700%2C400&ssl=1 2x, https:\/\/i0.wp.com\/www.legambientevda.it\/wp-content\/uploads\/2017\/06\/fmoro_05_300.jpg?resize=1050%2C600&ssl=1 3x, https:\/\/i0.wp.com\/www.legambientevda.it\/wp-content\/uploads\/2017\/06\/fmoro_05_300.jpg?resize=1400%2C800&ssl=1 4x"},"classes":[]},{"id":1143,"url":"https:\/\/www.legambientevda.it\/index.php\/2020\/09\/25\/la-centrale-di-cortlys-torna-ancora-a-far-parlare-di-se\/","url_meta":{"origin":870,"position":5},"title":"LA CENTRALE DI CORTLYS TORNA ANCORA A FAR PARLARE DI SE\u2019","author":"adminvda","date":"25 Settembre 2020","format":false,"excerpt":"Pubblichiamo integralmente il comunicato congiunto di Legambiente VDA e Comitato per la salvaguardia dell'Alpe Cortlys, che hanno presentato di recente un esposto in Procura sulla vicenda della progettata centrale idroelettrica nell'alta valle del Lys. Il progetto della centrale idroelettrica di Cortlys sta per ripartire, ma con una concessionaria diversa e\u2026","rel":"","context":"In &quot;comunicato stampa&quot;","block_context":{"text":"comunicato stampa","link":"https:\/\/www.legambientevda.it\/index.php\/category\/comunicato-stampa\/"},"img":{"alt_text":"","src":"https:\/\/i0.wp.com\/www.legambientevda.it\/wp-content\/uploads\/2016\/05\/IMG_1959.jpg?resize=350%2C200&ssl=1","width":350,"height":200,"srcset":"https:\/\/i0.wp.com\/www.legambientevda.it\/wp-content\/uploads\/2016\/05\/IMG_1959.jpg?resize=350%2C200&ssl=1 1x, https:\/\/i0.wp.com\/www.legambientevda.it\/wp-content\/uploads\/2016\/05\/IMG_1959.jpg?resize=525%2C300&ssl=1 1.5x"},"classes":[]}],"jetpack_likes_enabled":true,"_links":{"self":[{"href":"https:\/\/www.legambientevda.it\/index.php\/wp-json\/wp\/v2\/posts\/870"}],"collection":[{"href":"https:\/\/www.legambientevda.it\/index.php\/wp-json\/wp\/v2\/posts"}],"about":[{"href":"https:\/\/www.legambientevda.it\/index.php\/wp-json\/wp\/v2\/types\/post"}],"author":[{"embeddable":true,"href":"https:\/\/www.legambientevda.it\/index.php\/wp-json\/wp\/v2\/users\/1"}],"replies":[{"embeddable":true,"href":"https:\/\/www.legambientevda.it\/index.php\/wp-json\/wp\/v2\/comments?post=870"}],"version-history":[{"count":2,"href":"https:\/\/www.legambientevda.it\/index.php\/wp-json\/wp\/v2\/posts\/870\/revisions"}],"predecessor-version":[{"id":872,"href":"https:\/\/www.legambientevda.it\/index.php\/wp-json\/wp\/v2\/posts\/870\/revisions\/872"}],"wp:featuredmedia":[{"embeddable":true,"href":"https:\/\/www.legambientevda.it\/index.php\/wp-json\/wp\/v2\/media\/578"}],"wp:attachment":[{"href":"https:\/\/www.legambientevda.it\/index.php\/wp-json\/wp\/v2\/media?parent=870"}],"wp:term":[{"taxonomy":"category","embeddable":true,"href":"https:\/\/www.legambientevda.it\/index.php\/wp-json\/wp\/v2\/categories?post=870"},{"taxonomy":"post_tag","embeddable":true,"href":"https:\/\/www.legambientevda.it\/index.php\/wp-json\/wp\/v2\/tags?post=870"}],"curies":[{"name":"wp","href":"https:\/\/api.w.org\/{rel}","templated":true}]}}