{"id":743,"date":"2018-11-23T22:27:45","date_gmt":"2018-11-23T21:27:45","guid":{"rendered":"http:\/\/www.legambientevda.it\/?p=743"},"modified":"2019-01-09T22:29:03","modified_gmt":"2019-01-09T21:29:03","slug":"lettera-al-senatore-laniece-no-a-modifiche-al-decreto-sugli-incentivi-alle-rinnovabili","status":"publish","type":"post","link":"https:\/\/www.legambientevda.it\/index.php\/2018\/11\/23\/lettera-al-senatore-laniece-no-a-modifiche-al-decreto-sugli-incentivi-alle-rinnovabili\/","title":{"rendered":"Lettera al senatore Lani\u00e8ce : no a modifiche al decreto sugli incentivi alle rinnovabili!"},"content":{"rendered":"\n<figure class=\"wp-block-image\"><img decoding=\"async\" loading=\"lazy\" width=\"1024\" height=\"768\" src=\"http:\/\/www.legambientevda.it\/wp-content\/uploads\/2016\/04\/236226765_41c127acc5_b-1024x768.jpg\" alt=\"\" class=\"wp-image-186\" srcset=\"https:\/\/www.legambientevda.it\/wp-content\/uploads\/2016\/04\/236226765_41c127acc5_b.jpg 1024w, https:\/\/www.legambientevda.it\/wp-content\/uploads\/2016\/04\/236226765_41c127acc5_b-300x225.jpg 300w\" sizes=\"(max-width: 1024px) 100vw, 1024px\" \/><\/figure>\n\n\n\n<h4 class=\"wp-block-heading\">Pubblichiamo integralmente la lettera inviata al senatore Lani\u00e8ce per esprimere il nostro disaccordo sulle proposte di modifica al nuovo decreto, tutte a favore di chi specula sui nostri torrenti<\/h4>\n\n\n\n<p>Egr. Senatore Albert Lani\u00e8ce Abbiamo sentito il suo appello al Governo, a nome del Gruppo delle Autonomie, affinch\u00e9 modifichi il nuovo Decreto sugli incentivi alle energie rinnovabili in favore del settore della produzione idroelettrica. Desideriamo far presente a Lei e ai membri del suo Gruppo che il nuovo testo sugli incentivi alla produzione di energia idroelettrica prevede che: tutti gli impianti che godono gi\u00e0 di incentivi continueranno a riceverli per tutti gli anni (20-30) previsti nella stessa quantit\u00e0 attuale; potranno ricevere degli incentivi, nella stessa quantit\u00e0 attuale, tutti coloro che vorranno costruire nuovi impianti su condotte esistenti (acquedotti, impianti irrigui e industriali) e su briglie esistenti; non potranno ricevere incentivi i nuovi impianti che saranno costruiti su fiumi o torrenti che si trovano ancora allo stato naturale. In relazione ai torrenti valdostani la invitiamo a consultare il sito dell\u2019ARPA VdA per verificare quanti sono i tratti di torrenti allo stato naturale che potrebbero essere ancora derivati a scopo idroelettrico. Potr\u00e0 cos\u00ec scoprire che tutti i torrenti della regione sono gi\u00e0 sfruttati al 70-80% e molti al 100%. Rispetto alla sua richiesta al Governo pensiamo che: &#8211; il suo appello potr\u00e0 essere sicuramente utile alle imprese dell\u2019idroelettrico che vogliono raschiare il barile e derivare quella poca acqua che resta nei nostri torrenti; &#8211; il suo appello sar\u00e0 ininfluente nei confronti delle comunit\u00e0 (Comuni e Consorzi) che potranno continuare a costruire nuovi impianti sulle loro condotte ricevendone gli incentivi; &#8211; difficilmente condivideranno il suo appello quei paesi e territori che desiderano mantenere la bellezza dei propri torrenti per incrementare il turismo, la pesca, le attivit\u00e0 sportive e di divertimento; &#8211; non potranno essere d\u2019accordo con lei i cittadini che ogni mese contribuiscono, pagando le bollette della luce, a fornire gli incentivi agli idroelettrici; bollette dove, a volte, gli oneri di sistema (incentivi) pesano pi\u00f9 del consumo di energia; oneri che aumenteranno ancora per far fronte ai nuovi incentivi che si aggiungono ai vecchi. Legambiente, cos\u00ec come Free Rivers Italia e gli altri innumerevoli Comitati sorti per tutelare i fiumi e torrenti, non condivide il suo appello e spera che il governo voglia mantenere il Decreto incentivi cos\u00ec come l\u2019ha proposto. <\/p>\n","protected":false},"excerpt":{"rendered":"<p>Pubblichiamo integralmente la lettera inviata al senatore Lani\u00e8ce per esprimere il nostro disaccordo sulle proposte di modifica al nuovo decreto, tutte a favore di chi specula sui nostri torrenti Egr. Senatore Albert Lani\u00e8ce Abbiamo sentito il suo appello al Governo, a nome del Gruppo delle Autonomie, affinch\u00e9 modifichi il nuovo Decreto sugli incentivi alle energie &hellip; <a href=\"https:\/\/www.legambientevda.it\/index.php\/2018\/11\/23\/lettera-al-senatore-laniece-no-a-modifiche-al-decreto-sugli-incentivi-alle-rinnovabili\/\" class=\"more-link\">Continua la lettura di <span class=\"screen-reader-text\">Lettera al senatore Lani\u00e8ce : no a modifiche al decreto sugli incentivi alle rinnovabili!<\/span> <span class=\"meta-nav\">&rarr;<\/span><\/a><\/p>\n","protected":false},"author":1,"featured_media":0,"comment_status":"closed","ping_status":"open","sticky":false,"template":"","format":"standard","meta":{"jetpack_post_was_ever_published":false,"_jetpack_newsletter_access":"","footnotes":""},"categories":[26],"tags":[],"jetpack_featured_media_url":"","jetpack_sharing_enabled":true,"jetpack_shortlink":"https:\/\/wp.me\/p76AmJ-bZ","jetpack-related-posts":[{"id":746,"url":"https:\/\/www.legambientevda.it\/index.php\/2018\/11\/17\/nuovo-decreto-incentivi-alle-rinnovabili-le-richieste-di-legambiente-vda-al-neopresidente-della-regione-fosson-e-ai-ministri-competenti\/","url_meta":{"origin":743,"position":0},"title":"Nuovo decreto incentivi alle rinnovabili: le richieste di Legambiente VDA al neopresidente della Regione Fosson e ai ministri competenti","author":"adminvda","date":"17 Novembre 2018","format":false,"excerpt":"Al Presidente della Regione Valle d\u2019Aosta, Antonio Fosson p.c. Al Sig. Ministro dello Sviluppo Economico, Luigi Di Maio p.c. Al Sig. Ministro dell\u2019Ambiente e della Tutela del Territorio e del Mare, Sergio Costa p.c. agli organi di stampa Oggetto: Decreto sugli incentivi (FER) per la produzione di energia idroelettrica.Indicazioni per\u2026","rel":"","context":"In &quot;azioni di salvaguardia&quot;","block_context":{"text":"azioni di salvaguardia","link":"https:\/\/www.legambientevda.it\/index.php\/category\/azioni-di-salvaguardia\/"},"img":{"alt_text":"","src":"","width":0,"height":0},"classes":[]},{"id":689,"url":"https:\/\/www.legambientevda.it\/index.php\/2018\/09\/25\/pubblicata-la-bozza-del-nuovo-decreto-incentivi-alle-fonti-energetiche-rinnovabili\/","url_meta":{"origin":743,"position":1},"title":"Pubblicata la bozza del nuovo Decreto Incentivi alle Fonti Energetiche Rinnovabili","author":"adminvda","date":"25 Settembre 2018","format":false,"excerpt":"\u00a0 Nelle settimane scorse il Ministero dello Sviluppo Economico ha pubblicato la bozza del nuovo Decreto che dovrebbe regolare per il futuro l\u2019erogazione degli incentivi agli impianti di produzione delle energie rinnovabili. Per quanto riguarda il settore dell\u2019idroelettrico non potranno pi\u00f9 essere accordati gli incentivi ai nuovi impianti che non\u2026","rel":"","context":"In &quot;Senza categoria&quot;","block_context":{"text":"Senza categoria","link":"https:\/\/www.legambientevda.it\/index.php\/category\/senza-categoria\/"},"img":{"alt_text":"","src":"https:\/\/i0.wp.com\/www.legambientevda.it\/wp-content\/uploads\/2016\/03\/DSCF0025.jpg?resize=350%2C200&ssl=1","width":350,"height":200,"srcset":"https:\/\/i0.wp.com\/www.legambientevda.it\/wp-content\/uploads\/2016\/03\/DSCF0025.jpg?resize=350%2C200&ssl=1 1x, https:\/\/i0.wp.com\/www.legambientevda.it\/wp-content\/uploads\/2016\/03\/DSCF0025.jpg?resize=525%2C300&ssl=1 1.5x, https:\/\/i0.wp.com\/www.legambientevda.it\/wp-content\/uploads\/2016\/03\/DSCF0025.jpg?resize=700%2C400&ssl=1 2x, https:\/\/i0.wp.com\/www.legambientevda.it\/wp-content\/uploads\/2016\/03\/DSCF0025.jpg?resize=1050%2C600&ssl=1 3x, https:\/\/i0.wp.com\/www.legambientevda.it\/wp-content\/uploads\/2016\/03\/DSCF0025.jpg?resize=1400%2C800&ssl=1 4x"},"classes":[]},{"id":910,"url":"https:\/\/www.legambientevda.it\/index.php\/2019\/05\/19\/legambiente-vda-scrive-ai-ministri-dellambiente-e-dello-sviluppo-economico-il-decreto-incentivi-non-deve-premiare-lidroelettrico-speculativo\/","url_meta":{"origin":743,"position":2},"title":"LEGAMBIENTE VDA SCRIVE AI MINISTRI DELL&#8217;AMBIENTE E DELLO SVILUPPO ECONOMICO: il decreto incentivi non deve premiare l&#8217;idroelettrico speculativo !","author":"adminvda","date":"19 Maggio 2019","format":false,"excerpt":"Pubblichiamo integralmente il testo della lettera spedita qualche giorno fa, in cui chiediamo che il nuovo decreto incentivi alle fonti rinnovabili non scateni di nuovo l'idroelettrico selvaggio . Siano ammessi soltanto gli impianti realizzati su condutture esistenti! - Al Ministro Luigi Di Maio - Al sottosegretario Davide Crippa Ministero dello\u2026","rel":"","context":"In &quot;azioni di salvaguardia&quot;","block_context":{"text":"azioni di salvaguardia","link":"https:\/\/www.legambientevda.it\/index.php\/category\/azioni-di-salvaguardia\/"},"img":{"alt_text":"","src":"https:\/\/i0.wp.com\/www.legambientevda.it\/wp-content\/uploads\/2017\/06\/fmoro_05_300.jpg?resize=350%2C200&ssl=1","width":350,"height":200,"srcset":"https:\/\/i0.wp.com\/www.legambientevda.it\/wp-content\/uploads\/2017\/06\/fmoro_05_300.jpg?resize=350%2C200&ssl=1 1x, https:\/\/i0.wp.com\/www.legambientevda.it\/wp-content\/uploads\/2017\/06\/fmoro_05_300.jpg?resize=525%2C300&ssl=1 1.5x, https:\/\/i0.wp.com\/www.legambientevda.it\/wp-content\/uploads\/2017\/06\/fmoro_05_300.jpg?resize=700%2C400&ssl=1 2x, https:\/\/i0.wp.com\/www.legambientevda.it\/wp-content\/uploads\/2017\/06\/fmoro_05_300.jpg?resize=1050%2C600&ssl=1 3x, https:\/\/i0.wp.com\/www.legambientevda.it\/wp-content\/uploads\/2017\/06\/fmoro_05_300.jpg?resize=1400%2C800&ssl=1 4x"},"classes":[]},{"id":1102,"url":"https:\/\/www.legambientevda.it\/index.php\/2020\/05\/21\/ancora-incentivi-dal-governo-allidroelettrico-che-rovina-gli-ultimi-corsi-dacqua-naturali\/","url_meta":{"origin":743,"position":3},"title":"Ancora incentivi dal Governo all&#8217;idroelettrico che rovina gli ultimi corsi d&#8217;acqua naturali","author":"adminvda","date":"21 Maggio 2020","format":false,"excerpt":"Comunicato stampa congiunto del Coordinamento nazionale tutela fiumi e di Legambiente Valle d'Aosta. l Decreto Rinnovabili FER 1 non ha eliminato gli incentivi agli impianti idroelettrici nei corsi d\u2019acqua naturali. Prevede, per l'accesso all\u2019incentivo, la verifica e la certificazione, da parte delle Agenzie regionali per la Protezione dell\u2019Ambiente (ARPA), che\u2026","rel":"","context":"In &quot;comunicato stampa&quot;","block_context":{"text":"comunicato stampa","link":"https:\/\/www.legambientevda.it\/index.php\/category\/comunicato-stampa\/"},"img":{"alt_text":"","src":"https:\/\/i0.wp.com\/www.legambientevda.it\/wp-content\/uploads\/2016\/03\/DSCF0025.jpg?resize=350%2C200&ssl=1","width":350,"height":200,"srcset":"https:\/\/i0.wp.com\/www.legambientevda.it\/wp-content\/uploads\/2016\/03\/DSCF0025.jpg?resize=350%2C200&ssl=1 1x, https:\/\/i0.wp.com\/www.legambientevda.it\/wp-content\/uploads\/2016\/03\/DSCF0025.jpg?resize=525%2C300&ssl=1 1.5x, https:\/\/i0.wp.com\/www.legambientevda.it\/wp-content\/uploads\/2016\/03\/DSCF0025.jpg?resize=700%2C400&ssl=1 2x, https:\/\/i0.wp.com\/www.legambientevda.it\/wp-content\/uploads\/2016\/03\/DSCF0025.jpg?resize=1050%2C600&ssl=1 3x, https:\/\/i0.wp.com\/www.legambientevda.it\/wp-content\/uploads\/2016\/03\/DSCF0025.jpg?resize=1400%2C800&ssl=1 4x"},"classes":[]},{"id":467,"url":"https:\/\/www.legambientevda.it\/index.php\/2017\/05\/05\/una-regione-alla-merce-delle-lobbies-dellidroelettrico\/","url_meta":{"origin":743,"position":4},"title":"Una regione alla merc\u00e8 delle lobbies dell&#8217;idroelettrico","author":"adminvda","date":"5 Maggio 2017","format":false,"excerpt":"Le Associazioni che partecipano come portatori di pubblico interesse ai processo di revisione del del PIano di Tutela delle Acque hanno inviato una lettera al Presidente della Regione VDA\u00a0 Marquis, ai Ministri per lo sviluppo economico, calenda, eper l'ambiente, Galletti, e al Tribunale Superiore delle Acque.La pubblichiamo integralmente. LETTERA APERTA\u2026","rel":"","context":"In &quot;azioni di salvaguardia&quot;","block_context":{"text":"azioni di salvaguardia","link":"https:\/\/www.legambientevda.it\/index.php\/category\/azioni-di-salvaguardia\/"},"img":{"alt_text":"","src":"https:\/\/i0.wp.com\/www.legambientevda.it\/wp-content\/uploads\/2016\/03\/DSCF0025.jpg?resize=350%2C200&ssl=1","width":350,"height":200,"srcset":"https:\/\/i0.wp.com\/www.legambientevda.it\/wp-content\/uploads\/2016\/03\/DSCF0025.jpg?resize=350%2C200&ssl=1 1x, https:\/\/i0.wp.com\/www.legambientevda.it\/wp-content\/uploads\/2016\/03\/DSCF0025.jpg?resize=525%2C300&ssl=1 1.5x, https:\/\/i0.wp.com\/www.legambientevda.it\/wp-content\/uploads\/2016\/03\/DSCF0025.jpg?resize=700%2C400&ssl=1 2x, https:\/\/i0.wp.com\/www.legambientevda.it\/wp-content\/uploads\/2016\/03\/DSCF0025.jpg?resize=1050%2C600&ssl=1 3x, https:\/\/i0.wp.com\/www.legambientevda.it\/wp-content\/uploads\/2016\/03\/DSCF0025.jpg?resize=1400%2C800&ssl=1 4x"},"classes":[]},{"id":354,"url":"https:\/\/www.legambientevda.it\/index.php\/2016\/07\/18\/incentivi-statali-alle-fonti-energetiche-rinnovabili-persa-unoccasione-per-tutelare-i-torrenti\/","url_meta":{"origin":743,"position":5},"title":"INCENTIVI STATALI ALLE FONTI ENERGETICHE RINNOVABILI : PERSA UN&#8217;OCCASIONE PER TUTELARE I TORRENTI","author":"adminvda","date":"18 Luglio 2016","format":false,"excerpt":"Il nostro Circolo da anni si batte contro l'eccessivo sfruttamento dei torrenti a scopo idroelettrico. La situazione \u00e8 preoccupante su tutto l'arco alpino, e nel 2014 Legambiente nazionale ha aderito all'appello \"per la salvaguardia dei Corsi d'acqua contro l'eccessivo sfruttamento idroelettrico\", promosso da una serie di comitati e associazioni locali,\u2026","rel":"","context":"In &quot;informazione&quot;","block_context":{"text":"informazione","link":"https:\/\/www.legambientevda.it\/index.php\/category\/informazione\/"},"img":{"alt_text":"","src":"https:\/\/i0.wp.com\/www.legambientevda.it\/wp-content\/uploads\/2016\/04\/236226765_41c127acc5_b-300x225.jpg?resize=350%2C200","width":350,"height":200},"classes":[]}],"jetpack_likes_enabled":true,"_links":{"self":[{"href":"https:\/\/www.legambientevda.it\/index.php\/wp-json\/wp\/v2\/posts\/743"}],"collection":[{"href":"https:\/\/www.legambientevda.it\/index.php\/wp-json\/wp\/v2\/posts"}],"about":[{"href":"https:\/\/www.legambientevda.it\/index.php\/wp-json\/wp\/v2\/types\/post"}],"author":[{"embeddable":true,"href":"https:\/\/www.legambientevda.it\/index.php\/wp-json\/wp\/v2\/users\/1"}],"replies":[{"embeddable":true,"href":"https:\/\/www.legambientevda.it\/index.php\/wp-json\/wp\/v2\/comments?post=743"}],"version-history":[{"count":2,"href":"https:\/\/www.legambientevda.it\/index.php\/wp-json\/wp\/v2\/posts\/743\/revisions"}],"predecessor-version":[{"id":745,"href":"https:\/\/www.legambientevda.it\/index.php\/wp-json\/wp\/v2\/posts\/743\/revisions\/745"}],"wp:attachment":[{"href":"https:\/\/www.legambientevda.it\/index.php\/wp-json\/wp\/v2\/media?parent=743"}],"wp:term":[{"taxonomy":"category","embeddable":true,"href":"https:\/\/www.legambientevda.it\/index.php\/wp-json\/wp\/v2\/categories?post=743"},{"taxonomy":"post_tag","embeddable":true,"href":"https:\/\/www.legambientevda.it\/index.php\/wp-json\/wp\/v2\/tags?post=743"}],"curies":[{"name":"wp","href":"https:\/\/api.w.org\/{rel}","templated":true}]}}