{"id":402,"date":"2017-01-17T23:48:48","date_gmt":"2017-01-17T22:48:48","guid":{"rendered":"http:\/\/www.legambientevda.it\/?p=402"},"modified":"2020-04-26T14:30:14","modified_gmt":"2020-04-26T12:30:14","slug":"assemblea-annuale-di-legambiente-valle-daosta-lunedi-23-gennaio","status":"publish","type":"post","link":"https:\/\/www.legambientevda.it\/index.php\/2017\/01\/17\/assemblea-annuale-di-legambiente-valle-daosta-lunedi-23-gennaio\/","title":{"rendered":"ASSEMBLEA ANNUALE DI LEGAMBIENTE VALLE D&#8217;AOSTA-LUNEDI&#8217; 23 GENNAIO"},"content":{"rendered":"<p><strong>Luned\u00ec 23 gennaio 2017 \u00e8 convocata l&#8217;assemblea annuale del Circolo Legambiente Valle d&#8217;Aosta <img decoding=\"async\" loading=\"lazy\" class=\"size-medium wp-image-30 alignright\" src=\"http:\/\/www.legambientevda.it\/wp-content\/uploads\/2016\/01\/cigno-1-300x291.png\" alt=\"\" width=\"300\" height=\"291\" srcset=\"https:\/\/www.legambientevda.it\/wp-content\/uploads\/2016\/01\/cigno-1-300x291.png 300w, https:\/\/www.legambientevda.it\/wp-content\/uploads\/2016\/01\/cigno-1-60x57.png 60w, https:\/\/www.legambientevda.it\/wp-content\/uploads\/2016\/01\/cigno-1.png 438w\" sizes=\"(max-width: 300px) 100vw, 300px\" \/>alle ore 21 presso il CSV di Aosta<\/strong>&nbsp;in via Xavier de Maistre, a fianco del Theatre de la Ville.<\/p>\n<p>Saremo felici di incontrarvi gi\u00e0 <strong>a partire dalle<\/strong> <strong> ore 18, sempre al Csv, <\/strong> per presentarvi l&#8217;esperienza dei <strong>campi di volontariato<\/strong> attraverso la testimonianza e le immagini di due ragazzi valdostani che hanno partecipato l&#8217;estate scorsa a campi <strong>in Francia e in Toscana<\/strong>.<\/p>\n<p>Intorno alle <strong>19.30<\/strong>, <strong>apericena autogestito<\/strong>.<\/p>\n<p>Chi vuole contribuire con torte dolci o salate, salumi, bevande, ecc&#8230;., ce lo segnali rispondendo alla e-mail o con un sms al&nbsp;3313107463&nbsp;<u>entro le ore 12 del 23 gennaio stesso<\/u>.<\/p>\n<p><u>L&#8217;assemblea<\/u><u>&nbsp;ufficiale<\/u> avr\u00e0 inizio <strong>alle 21 con la relazione della Presidente<\/strong>, la votazione del bilancio e ampio spazio per domande e approfondimenti.<\/p>\n<p><strong>Ospite di quest&#8217;anno, il gruppo di Valgrisenche <\/strong>che, con la sua presa di posizione <strong>contro l&#8217;Eliski<\/strong> e per un diverso indirizzo turistico per la vallata, ha ricevuto la Bandiera Verde, e che ci aggiorner\u00e0 sulla situazione.<\/p>\n","protected":false},"excerpt":{"rendered":"<p>Luned\u00ec 23 gennaio 2017 \u00e8 convocata l&#8217;assemblea annuale del Circolo Legambiente Valle d&#8217;Aosta alle ore 21 presso il CSV di Aosta&nbsp;in via Xavier de Maistre, a fianco del Theatre de la Ville. Saremo felici di incontrarvi gi\u00e0 a partire dalle ore 18, sempre al Csv, per presentarvi l&#8217;esperienza dei campi di volontariato attraverso la testimonianza &hellip; <a href=\"https:\/\/www.legambientevda.it\/index.php\/2017\/01\/17\/assemblea-annuale-di-legambiente-valle-daosta-lunedi-23-gennaio\/\" class=\"more-link\">Continua la lettura di <span class=\"screen-reader-text\">ASSEMBLEA ANNUALE DI LEGAMBIENTE VALLE D&#8217;AOSTA-LUNEDI&#8217; 23 GENNAIO<\/span> <span class=\"meta-nav\">&rarr;<\/span><\/a><\/p>\n","protected":false},"author":1,"featured_media":0,"comment_status":"closed","ping_status":"open","sticky":false,"template":"","format":"standard","meta":{"jetpack_post_was_ever_published":false,"_jetpack_newsletter_access":"","footnotes":""},"categories":[19],"tags":[103,20],"jetpack_featured_media_url":"","jetpack_sharing_enabled":true,"jetpack_shortlink":"https:\/\/wp.me\/p76AmJ-6u","jetpack-related-posts":[{"id":1059,"url":"https:\/\/www.legambientevda.it\/index.php\/2020\/03\/02\/assemblea-annuale-del-circolo-legambiente-valle-daosta-venerdi-6-marzo\/","url_meta":{"origin":402,"position":0},"title":"ASSEMBLEA ANNUALE DEL CIRCOLO LEGAMBIENTE VALLE D&#8217;AOSTA-VENERDI&#8217; 6 MARZO","author":"adminvda","date":"2 Marzo 2020","format":false,"excerpt":"PARLEREMO DI IMPATTI DEL 5 G SULLA SALUTE E DISCUTEREMO INSIEME DEI PROGETTI DEL CIRCOLO.PARTECIPA! Venerd\u00ec 6 marzo 2020 \u00e8 convocata L'ASSEMBLEA ANNUALE del Circolo Legambiente Valle d'Aosta alle ore 20.30 presso il CSV di Aosta in via Xavier de Maistre (a fianco del Theatre de la Ville). L'Assemblea sar\u00e0\u2026","rel":"","context":"In &quot;Vita associativa&quot;","block_context":{"text":"Vita associativa","link":"https:\/\/www.legambientevda.it\/index.php\/category\/vita-associativa\/"},"img":{"alt_text":"","src":"https:\/\/i0.wp.com\/www.legambientevda.it\/wp-content\/uploads\/2016\/04\/banner-aosta.png?resize=350%2C200&ssl=1","width":350,"height":200,"srcset":"https:\/\/i0.wp.com\/www.legambientevda.it\/wp-content\/uploads\/2016\/04\/banner-aosta.png?resize=350%2C200&ssl=1 1x, https:\/\/i0.wp.com\/www.legambientevda.it\/wp-content\/uploads\/2016\/04\/banner-aosta.png?resize=525%2C300&ssl=1 1.5x, https:\/\/i0.wp.com\/www.legambientevda.it\/wp-content\/uploads\/2016\/04\/banner-aosta.png?resize=700%2C400&ssl=1 2x, https:\/\/i0.wp.com\/www.legambientevda.it\/wp-content\/uploads\/2016\/04\/banner-aosta.png?resize=1050%2C600&ssl=1 3x"},"classes":[]},{"id":612,"url":"https:\/\/www.legambientevda.it\/index.php\/2018\/02\/06\/venerdi-9-febbraio-assemblea-annuale-del-circolo-legambiente-vda\/","url_meta":{"origin":402,"position":1},"title":"VENERDI&#8217; 9 FEBBRAIO ASSEMBLEA ANNUALE DEL CIRCOLO LEGAMBIENTE VDA","author":"adminvda","date":"6 Febbraio 2018","format":false,"excerpt":"Venerd\u00ec 9 febbraio 2018 \u00e8 convocata l'assemblea annuale del Circolo Legambiente Valle d'Aosta alle ore 21 presso il CSV di Aosta\u00a0in via Xavier de Maistre (a fianco del Theatre de la Ville). L'assemblea\u00a0avr\u00e0 inizio\u00a0alle 21 con la relazione del Presidente, il rinnovo delle cariche statutarie, la votazione del bilancio. Poi\u2026","rel":"","context":"In &quot;informazione&quot;","block_context":{"text":"informazione","link":"https:\/\/www.legambientevda.it\/index.php\/category\/informazione\/"},"img":{"alt_text":"","src":"https:\/\/i0.wp.com\/www.legambientevda.it\/wp-content\/uploads\/2016\/04\/banner-aosta-1.gif?resize=350%2C200&ssl=1","width":350,"height":200,"srcset":"https:\/\/i0.wp.com\/www.legambientevda.it\/wp-content\/uploads\/2016\/04\/banner-aosta-1.gif?resize=350%2C200&ssl=1 1x, https:\/\/i0.wp.com\/www.legambientevda.it\/wp-content\/uploads\/2016\/04\/banner-aosta-1.gif?resize=525%2C300&ssl=1 1.5x, https:\/\/i0.wp.com\/www.legambientevda.it\/wp-content\/uploads\/2016\/04\/banner-aosta-1.gif?resize=700%2C400&ssl=1 2x, https:\/\/i0.wp.com\/www.legambientevda.it\/wp-content\/uploads\/2016\/04\/banner-aosta-1.gif?resize=1050%2C600&ssl=1 3x"},"classes":[]},{"id":127,"url":"https:\/\/www.legambientevda.it\/index.php\/2016\/01\/17\/assemblea-annuale-di-legambiente-sabato-23-gennaio-ore-21\/","url_meta":{"origin":402,"position":2},"title":"Assemblea annuale di Legambiente  Sabato 23 gennaio ore 21","author":"adminvda","date":"17 Gennaio 2016","format":false,"excerpt":"Il Circolo Legambiente Valle d'Aosta si riunir\u00e0 in assemblea sabato 23 gennaio, alle ore 21 presso la sede del CSV, in via Xavier de Maistre. Tra i punti salienti della serata, dopo la relazione della presidente Alessandra Piccioni, ci saranno l'approvazione del bilancio, il rinnovo delle cariche statutarie, la proposta\u2026","rel":"","context":"In &quot;Vita associativa&quot;","block_context":{"text":"Vita associativa","link":"https:\/\/www.legambientevda.it\/index.php\/category\/vita-associativa\/"},"img":{"alt_text":"","src":"https:\/\/i0.wp.com\/www.legambientevda.it\/wp-content\/uploads\/2015\/12\/cropped-Banner-sito-220x300.png?resize=350%2C200","width":350,"height":200},"classes":[]},{"id":1298,"url":"https:\/\/www.legambientevda.it\/index.php\/2022\/04\/25\/giovedi-28-aprile-assemblea-annuale-del-circolo-in-presenza\/","url_meta":{"origin":402,"position":3},"title":"GIOVEDI&#8217; 28 APRILE ASSEMBLEA ANNUALE DEL CIRCOLO. IN PRESENZA!","author":"adminvda","date":"25 Aprile 2022","format":false,"excerpt":"Gioved\u00ec 28 aprile 2022 \u00e8 convocata\u00a0l'ASSEMBLEA ANNUALE DEI SOCI\u00a0del Circolo Legambiente Valle d\u2019Aosta Odv c\/o il CSV di Aosta, via Xavier de Maistre 19\u00a0 in prima convocazione alle ore 13.00\u00a0 \u00a0e, in seconda convocazione,\u00a0alle ore 21.0 \u00a0 Finalmente quest\u2019anno l'assemblea torna in presenza! \u00a0 Il programma dell\u2019assemblea prevede: Approvazione bilancio\u2026","rel":"","context":"In &quot;Vita associativa&quot;","block_context":{"text":"Vita associativa","link":"https:\/\/www.legambientevda.it\/index.php\/category\/vita-associativa\/"},"img":{"alt_text":"","src":"https:\/\/i0.wp.com\/www.legambientevda.it\/wp-content\/uploads\/2016\/04\/cropped-banner-aosta.png?resize=350%2C200&ssl=1","width":350,"height":200,"srcset":"https:\/\/i0.wp.com\/www.legambientevda.it\/wp-content\/uploads\/2016\/04\/cropped-banner-aosta.png?resize=350%2C200&ssl=1 1x, https:\/\/i0.wp.com\/www.legambientevda.it\/wp-content\/uploads\/2016\/04\/cropped-banner-aosta.png?resize=525%2C300&ssl=1 1.5x, https:\/\/i0.wp.com\/www.legambientevda.it\/wp-content\/uploads\/2016\/04\/cropped-banner-aosta.png?resize=700%2C400&ssl=1 2x, https:\/\/i0.wp.com\/www.legambientevda.it\/wp-content\/uploads\/2016\/04\/cropped-banner-aosta.png?resize=1050%2C600&ssl=1 3x"},"classes":[]},{"id":766,"url":"https:\/\/www.legambientevda.it\/index.php\/2019\/02\/03\/assemblea-annuale-di-legambiente-vda-venerdi-15-febbraio\/","url_meta":{"origin":402,"position":4},"title":"ASSEMBLEA ANNUALE DI LEGAMBIENTE VDA-VENERDI&#8217; 15 FEBBRAIO","author":"adminvda","date":"3 Febbraio 2019","format":false,"excerpt":"Venerd\u00ec 15 febbraio 2019 \u00e8 convocata l'assemblea annuale del Circolo Legambiente Valle d'Aosta in prima convocazione alle ore 13.00 presso la sede del Circolo e, in seconda convocazione, alle ore 20.30 presso il CSV di Aosta in via Xavier de Maistre (a fianco del Theatre de la Ville). L'assemblea ufficiale,\u2026","rel":"","context":"In &quot;iniziative sul territorio&quot;","block_context":{"text":"iniziative sul territorio","link":"https:\/\/www.legambientevda.it\/index.php\/category\/iniziative-sul-territorio\/"},"img":{"alt_text":"","src":"https:\/\/i0.wp.com\/www.legambientevda.it\/wp-content\/uploads\/2019\/02\/Locandina-cigno.jpg?resize=350%2C200&ssl=1","width":350,"height":200,"srcset":"https:\/\/i0.wp.com\/www.legambientevda.it\/wp-content\/uploads\/2019\/02\/Locandina-cigno.jpg?resize=350%2C200&ssl=1 1x, https:\/\/i0.wp.com\/www.legambientevda.it\/wp-content\/uploads\/2019\/02\/Locandina-cigno.jpg?resize=525%2C300&ssl=1 1.5x, https:\/\/i0.wp.com\/www.legambientevda.it\/wp-content\/uploads\/2019\/02\/Locandina-cigno.jpg?resize=700%2C400&ssl=1 2x, https:\/\/i0.wp.com\/www.legambientevda.it\/wp-content\/uploads\/2019\/02\/Locandina-cigno.jpg?resize=1050%2C600&ssl=1 3x"},"classes":[]},{"id":129,"url":"https:\/\/www.legambientevda.it\/index.php\/2016\/01\/17\/assemblea-annuale-legambiente-star-bene-insieme\/","url_meta":{"origin":402,"position":5},"title":"Assemblea annuale Legambiente: star bene insieme","author":"adminvda","date":"17 Gennaio 2016","format":false,"excerpt":"SABATO 23 ALLE ORE 21 PRESSO IL CSV IN VIA XAVIER DE MAISTRE, si terr\u00e0 l'assemblea annuale del Circolo Legambiente Valle d'Aosta. Quest'anno c'\u00e8 una novit\u00e0: sabato al CSV iniziamo gi\u00e0 dalle 18.30 con spunti (di riflessione) e spuntini (dolci e salati) per un'apericena comune. Ecco il men\u00f9 predisposto dallo\u2026","rel":"","context":"In &quot;Vita associativa&quot;","block_context":{"text":"Vita associativa","link":"https:\/\/www.legambientevda.it\/index.php\/category\/vita-associativa\/"},"img":{"alt_text":"","src":"https:\/\/i0.wp.com\/www.legambientevda.it\/wp-content\/uploads\/2015\/12\/cropped-Banner-sito-220x300.png?resize=350%2C200","width":350,"height":200},"classes":[]}],"jetpack_likes_enabled":true,"_links":{"self":[{"href":"https:\/\/www.legambientevda.it\/index.php\/wp-json\/wp\/v2\/posts\/402"}],"collection":[{"href":"https:\/\/www.legambientevda.it\/index.php\/wp-json\/wp\/v2\/posts"}],"about":[{"href":"https:\/\/www.legambientevda.it\/index.php\/wp-json\/wp\/v2\/types\/post"}],"author":[{"embeddable":true,"href":"https:\/\/www.legambientevda.it\/index.php\/wp-json\/wp\/v2\/users\/1"}],"replies":[{"embeddable":true,"href":"https:\/\/www.legambientevda.it\/index.php\/wp-json\/wp\/v2\/comments?post=402"}],"version-history":[{"count":2,"href":"https:\/\/www.legambientevda.it\/index.php\/wp-json\/wp\/v2\/posts\/402\/revisions"}],"predecessor-version":[{"id":1094,"href":"https:\/\/www.legambientevda.it\/index.php\/wp-json\/wp\/v2\/posts\/402\/revisions\/1094"}],"wp:attachment":[{"href":"https:\/\/www.legambientevda.it\/index.php\/wp-json\/wp\/v2\/media?parent=402"}],"wp:term":[{"taxonomy":"category","embeddable":true,"href":"https:\/\/www.legambientevda.it\/index.php\/wp-json\/wp\/v2\/categories?post=402"},{"taxonomy":"post_tag","embeddable":true,"href":"https:\/\/www.legambientevda.it\/index.php\/wp-json\/wp\/v2\/tags?post=402"}],"curies":[{"name":"wp","href":"https:\/\/api.w.org\/{rel}","templated":true}]}}