{"id":1632,"date":"2025-02-04T14:52:54","date_gmt":"2025-02-04T13:52:54","guid":{"rendered":"http:\/\/www.legambientevda.it\/?p=1632"},"modified":"2025-04-25T18:15:35","modified_gmt":"2025-04-25T16:15:35","slug":"le-torbiere-queste-sconosciute","status":"publish","type":"post","link":"https:\/\/www.legambientevda.it\/index.php\/2025\/02\/04\/le-torbiere-queste-sconosciute\/","title":{"rendered":"LE TORBIERE QUESTE SCONOSCIUTE"},"content":{"rendered":"\n<p>CONFERENZA SABATO 8 FEBBRAIO-ORE 15.30 &#8211; SALA DELLA BIBLIOTECA COMUNALE DI SAINT CHRISTOPHE<\/p>\n<p>&nbsp;<\/p>\n<p>In occasione della Giornata Mondiale dedicata alle Zone Umide, che si celebra il 2 febbraio,( https:\/\/www.worldwetlandsday.org\/ ), il nostro Circolo ha deciso di contribuire alla divulgazione degli studi su un tipo particolare di zone umide, le torbiere: un ecosistema molto diffuso in Valle d\u2019Aosta ma di cui conosciamo ancora molto poco.<\/p>\n<p>CONFERENZA: Le torbiere, queste sconosciute.<\/p>\n<p>La torbiera \u00e8 un habitat tutelato a livello internazionale, un ecosistema molto particolare e ricco di informazioni, anche in relazione alle variazioni climatiche. Per un naturalista una torbiera rappresenta uno scrigno della biodiversit\u00e0 presente e passata, per uno storico una torbiera pu\u00f2 racchiudere testimonianze dell&#8217;antica presenza dell&#8217;uomo e delle sue attivit\u00e0.<br>Qual \u00e8 lo stato delle torbiere in Valle d\u2019Aosta? Quanto sono conosciute, studiate, protette?<br>Ne parleremo con gli esperti che abbiamo invitato ad Aosta<br>sabato 8 febbraio 2025 dalle ore 15,30<br>presso la Biblioteca comunale di Saint Christophe (AO).<br>PROGRAMMA<br>&#8211; h.15,30. Introduzione di Vanda Bonardo di Legambiente nazionale responsabile del<br>settore Alpi: \u201cGli ecosistemi delle zone umide e delle torbiere\u201d.<br>&#8211; h. 15,50. Stefano Raimondi responsabile nazionale di Legambiente sul tema della<br>Biodiversit\u00e0: \u201cLa rete Natura 2000, l\u2019implementazione della tutela, le possibilit\u00e0 per<br>l\u2019individuazione di nuovi siti\u201d (intervento da remoto).<br>&#8211; h. 16,10. Roberta Pini, ricercatrice del CNR IGAG di Milano: &amp;quot;La storia delle foreste e<br>delle attivit\u00e0 dell&amp;#39;uomo in Valle d&amp;#39;Aosta raccontata dai depositi delle torbiere&amp;quot;.<br>&#8211; h. 16,30. Gabriele Sartorio, istruttore tecnico della Soprintendenza regionale per i Beni e<br>le Attivit\u00e0 Culturali: \u201cArchivi storici non cartacei: le torbiere alla prova archeologica\u201d.<br>&#8211; h.16,50. Roberto Facchini, capo guardia del Parco regionale del Mont Avic: \u201cLe zone<br>umide e le torbiere presenti nel Parco Mont Avic della Valle d\u2019Aosta e il loro ruolo<br>ecologico come hot-spot di biodiversit\u00e0\u201d.<br>&#8211; h. 17,30. Conclusioni.<\/p>\n<p>Introduce e coordina Vanda Bonardo, responsabile nazionale di Legambiente sui temi della<br>montagna e presidente di CIPRA internazionale.<\/p>\n\n\n<p><img decoding=\"async\" loading=\"lazy\" class=\"alignnone  wp-image-1635\" src=\"http:\/\/www.legambientevda.it\/wp-content\/uploads\/2025\/02\/programma-torbiere-212x300.png\" alt=\"\" width=\"609\" height=\"862\" srcset=\"https:\/\/www.legambientevda.it\/wp-content\/uploads\/2025\/02\/programma-torbiere-212x300.png 212w, https:\/\/www.legambientevda.it\/wp-content\/uploads\/2025\/02\/programma-torbiere.png 903w\" sizes=\"(max-width: 609px) 100vw, 609px\" \/><\/p>","protected":false},"excerpt":{"rendered":"<p>CONFERENZA SABATO 8 FEBBRAIO-ORE 15.30 &#8211; SALA DELLA BIBLIOTECA COMUNALE DI SAINT CHRISTOPHE &nbsp; In occasione della Giornata Mondiale dedicata alle Zone Umide, che si celebra il 2 febbraio,( https:\/\/www.worldwetlandsday.org\/ ), il nostro Circolo ha deciso di contribuire alla divulgazione degli studi su un tipo particolare di zone umide, le torbiere: un ecosistema molto diffuso &hellip; <a href=\"https:\/\/www.legambientevda.it\/index.php\/2025\/02\/04\/le-torbiere-queste-sconosciute\/\" class=\"more-link\">Continua la lettura di <span class=\"screen-reader-text\">LE TORBIERE QUESTE SCONOSCIUTE<\/span> <span class=\"meta-nav\">&rarr;<\/span><\/a><\/p>\n","protected":false},"author":1,"featured_media":1636,"comment_status":"closed","ping_status":"open","sticky":false,"template":"","format":"standard","meta":{"jetpack_post_was_ever_published":false,"_jetpack_newsletter_access":"","footnotes":""},"categories":[5,27],"tags":[],"jetpack_featured_media_url":"https:\/\/www.legambientevda.it\/wp-content\/uploads\/2025\/02\/Locandina.png","jetpack_sharing_enabled":true,"jetpack_shortlink":"https:\/\/wp.me\/p76AmJ-qk","jetpack-related-posts":[{"id":1606,"url":"https:\/\/www.legambientevda.it\/index.php\/2024\/10\/24\/piu-ruspe-che-camosci-in-valle-daosta\/","url_meta":{"origin":1632,"position":0},"title":"PI\u00d9 RUSPE CHE CAMOSCI IN VALLE D\u2019AOSTA","author":"adminvda","date":"24 Ottobre 2024","format":false,"excerpt":"Quest\u2019estate sulle montagne della Valle d\u2019Aosta abbiamo visto pi\u00f9 ruspe che camosci\u201d: questo ci ha detto una turista abituale della Regione. In effetti, in Valle di ruspe in azione ne vediamo tante e da sempre. La novit\u00e0 (per noi negativa) \u00e8 il fatto che le ruspe salgono sempre pi\u00f9 in\u2026","rel":"","context":"In &quot;comunicato stampa&quot;","block_context":{"text":"comunicato stampa","link":"https:\/\/www.legambientevda.it\/index.php\/category\/comunicato-stampa\/"},"img":{"alt_text":"","src":"https:\/\/i0.wp.com\/www.legambientevda.it\/wp-content\/uploads\/2024\/10\/Ruspe-a-Laris.jpg?resize=350%2C200&ssl=1","width":350,"height":200,"srcset":"https:\/\/i0.wp.com\/www.legambientevda.it\/wp-content\/uploads\/2024\/10\/Ruspe-a-Laris.jpg?resize=350%2C200&ssl=1 1x, https:\/\/i0.wp.com\/www.legambientevda.it\/wp-content\/uploads\/2024\/10\/Ruspe-a-Laris.jpg?resize=525%2C300&ssl=1 1.5x"},"classes":[]},{"id":873,"url":"https:\/\/www.legambientevda.it\/index.php\/2019\/03\/22\/vieni-a-conoscere-le-zone-umide-della-valle-daosta\/","url_meta":{"origin":1632,"position":1},"title":"VIENI A CONOSCERE LE ZONE UMIDE DELLA VALLE D&#8217;AOSTA","author":"adminvda","date":"22 Marzo 2019","format":false,"excerpt":"Cinque appuntamenti aperti a tutti, proposti in sinergia dal Cigno Verde e dall'Assessorato regionale all'ambiente Le zone umide sono ecosistemi importanti, veri scrigni di biodiversit\u00e0.Per questo l'Unione Europea li protegge in modo rigoroso. Anche in Valle d'Aosta \u00e8 possibile conoscerle e visitarle, per comprenderne la variet\u00e0 e la bellezza, spesso\u2026","rel":"","context":"In &quot;iniziative sul territorio&quot;","block_context":{"text":"iniziative sul territorio","link":"https:\/\/www.legambientevda.it\/index.php\/category\/iniziative-sul-territorio\/"},"img":{"alt_text":"","src":"https:\/\/i0.wp.com\/www.legambientevda.it\/wp-content\/uploads\/2019\/03\/Locandina-iniziative-zone-umide-001-1-2.jpg?resize=350%2C200&ssl=1","width":350,"height":200,"srcset":"https:\/\/i0.wp.com\/www.legambientevda.it\/wp-content\/uploads\/2019\/03\/Locandina-iniziative-zone-umide-001-1-2.jpg?resize=350%2C200&ssl=1 1x, https:\/\/i0.wp.com\/www.legambientevda.it\/wp-content\/uploads\/2019\/03\/Locandina-iniziative-zone-umide-001-1-2.jpg?resize=525%2C300&ssl=1 1.5x, https:\/\/i0.wp.com\/www.legambientevda.it\/wp-content\/uploads\/2019\/03\/Locandina-iniziative-zone-umide-001-1-2.jpg?resize=700%2C400&ssl=1 2x, https:\/\/i0.wp.com\/www.legambientevda.it\/wp-content\/uploads\/2019\/03\/Locandina-iniziative-zone-umide-001-1-2.jpg?resize=1050%2C600&ssl=1 3x"},"classes":[]},{"id":1734,"url":"https:\/\/www.legambientevda.it\/index.php\/2026\/02\/02\/il-marais-di-morgex-la-salle\/","url_meta":{"origin":1632,"position":2},"title":"IL MARAIS DI MORGEX \u2013 LA SALLE\u00a0","author":"adminvda","date":"2 Febbraio 2026","format":false,"excerpt":"UNA ZONA UMIDA ALLA RICERCA DELLA SOSTENIBILITA', TRA BIODIVERSITA' E TURISMO ESPERIENZIALE Oggi,\u00a02\u00a0febbraio,\u00a0ricorre la\u00a0Giornata Mondiale delle Zone Umide\u00a0che celebra la firma, avvenuta nel 1971, della Convenzione di Ramsar sulle zone umide.\u00a0 Legambiente, nelle sue articolazioni locale e interregionale, ha organizzato per\u00a0venerd\u00ec 6 febbraio, insieme al\u00a0Comitato Dora Baltea Viva, un evento\u2026","rel":"","context":"In &quot;comunicato stampa&quot;","block_context":{"text":"comunicato stampa","link":"https:\/\/www.legambientevda.it\/index.php\/category\/comunicato-stampa\/"},"img":{"alt_text":"","src":"https:\/\/i0.wp.com\/www.legambientevda.it\/wp-content\/uploads\/2026\/02\/Convegno-Morgex-Marais.jpeg?resize=350%2C200&ssl=1","width":350,"height":200},"classes":[]},{"id":188,"url":"https:\/\/www.legambientevda.it\/index.php\/2012\/08\/29\/le-zone-umide-da-salvaguardare\/","url_meta":{"origin":1632,"position":3},"title":"Le zone umide da salvaguardare","author":"adminvda","date":"29 Agosto 2012","format":false,"excerpt":"Siamo in vacanza in Valtournenche, come sempre negli ultimi 8 anni. Una valle certo pesantemente sfruttata, ma ancora con scorci maestosi e angoli di vera bellezza alpina. Con la famiglia proviamo un nuovo sentiero. Dopo aver fatto l\u20198 da Perr\u00e8res a Promoron (un largo sentiero in piano, un classico per\u2026","rel":"","context":"In &quot;azioni di salvaguardia&quot;","block_context":{"text":"azioni di salvaguardia","link":"https:\/\/www.legambientevda.it\/index.php\/category\/azioni-di-salvaguardia\/"},"img":{"alt_text":"","src":"https:\/\/i0.wp.com\/www.legambientevda.it\/wp-content\/uploads\/2016\/04\/Valtournenche003.jpg?resize=350%2C200&ssl=1","width":350,"height":200,"srcset":"https:\/\/i0.wp.com\/www.legambientevda.it\/wp-content\/uploads\/2016\/04\/Valtournenche003.jpg?resize=350%2C200&ssl=1 1x, https:\/\/i0.wp.com\/www.legambientevda.it\/wp-content\/uploads\/2016\/04\/Valtournenche003.jpg?resize=525%2C300&ssl=1 1.5x, https:\/\/i0.wp.com\/www.legambientevda.it\/wp-content\/uploads\/2016\/04\/Valtournenche003.jpg?resize=700%2C400&ssl=1 2x, https:\/\/i0.wp.com\/www.legambientevda.it\/wp-content\/uploads\/2016\/04\/Valtournenche003.jpg?resize=1050%2C600&ssl=1 3x, https:\/\/i0.wp.com\/www.legambientevda.it\/wp-content\/uploads\/2016\/04\/Valtournenche003.jpg?resize=1400%2C800&ssl=1 4x"},"classes":[]},{"id":887,"url":"https:\/\/www.legambientevda.it\/index.php\/2019\/04\/08\/un-aprile-con-legambiente\/","url_meta":{"origin":1632,"position":4},"title":"UN APRILE CON LEGAMBIENTE!","author":"adminvda","date":"8 Aprile 2019","format":false,"excerpt":"MOLTI GLI APPUNTAMENTI PREVISTI, UN PO' PER TUTTI I GUSTI, MA TUTTI ALL'INSEGNA DELLA SOSTENIBILITA' E DELLE IDEE NUOVE CHE FANNO BENE ALL' AMBIENTE. E' un aprile ricco di momenti pubblici a cui partecipare quello che il nostro Circolo propone a tutti i cittadini che hanno a cuore lo sviluppo\u2026","rel":"","context":"In &quot;iniziative sul territorio&quot;","block_context":{"text":"iniziative sul territorio","link":"https:\/\/www.legambientevda.it\/index.php\/category\/iniziative-sul-territorio\/"},"img":{"alt_text":"","src":"https:\/\/i0.wp.com\/www.legambientevda.it\/wp-content\/uploads\/2019\/04\/64372.jpg?resize=350%2C200&ssl=1","width":350,"height":200,"srcset":"https:\/\/i0.wp.com\/www.legambientevda.it\/wp-content\/uploads\/2019\/04\/64372.jpg?resize=350%2C200&ssl=1 1x, https:\/\/i0.wp.com\/www.legambientevda.it\/wp-content\/uploads\/2019\/04\/64372.jpg?resize=525%2C300&ssl=1 1.5x, https:\/\/i0.wp.com\/www.legambientevda.it\/wp-content\/uploads\/2019\/04\/64372.jpg?resize=700%2C400&ssl=1 2x, https:\/\/i0.wp.com\/www.legambientevda.it\/wp-content\/uploads\/2019\/04\/64372.jpg?resize=1050%2C600&ssl=1 3x"},"classes":[]},{"id":784,"url":"https:\/\/www.legambientevda.it\/index.php\/2019\/02\/19\/nevediversa-2019-ciaspolare-al-tempo-del-cambiamento-climatico\/","url_meta":{"origin":1632,"position":5},"title":"NEVEDIVERSA 2019  CIASPOLARE AL TEMPO DEL CAMBIAMENTO CLIMATICO","author":"adminvda","date":"19 Febbraio 2019","format":false,"excerpt":"Parte con notevole ritardo quest\u2019anno Nevediversa, la Campagna invernale che Legambiente dedica all\u2019approccio dolce alla montagna invernale. Su tutto l\u2019arco alpino i Circoli del Cigno Verde organizzano escursioni al ritmo lento delle ciaspole o degli sci da fondo, per assaporare il silenzio delle vallate, godersi i panorami mozzafiato e stare\u2026","rel":"","context":"In &quot;comunicato stampa&quot;","block_context":{"text":"comunicato stampa","link":"https:\/\/www.legambientevda.it\/index.php\/category\/comunicato-stampa\/"},"img":{"alt_text":"","src":"https:\/\/i0.wp.com\/www.legambientevda.it\/wp-content\/uploads\/2017\/03\/IMG-20170314-WA0001.jpg?resize=350%2C200&ssl=1","width":350,"height":200,"srcset":"https:\/\/i0.wp.com\/www.legambientevda.it\/wp-content\/uploads\/2017\/03\/IMG-20170314-WA0001.jpg?resize=350%2C200&ssl=1 1x, https:\/\/i0.wp.com\/www.legambientevda.it\/wp-content\/uploads\/2017\/03\/IMG-20170314-WA0001.jpg?resize=525%2C300&ssl=1 1.5x, https:\/\/i0.wp.com\/www.legambientevda.it\/wp-content\/uploads\/2017\/03\/IMG-20170314-WA0001.jpg?resize=700%2C400&ssl=1 2x, https:\/\/i0.wp.com\/www.legambientevda.it\/wp-content\/uploads\/2017\/03\/IMG-20170314-WA0001.jpg?resize=1050%2C600&ssl=1 3x, https:\/\/i0.wp.com\/www.legambientevda.it\/wp-content\/uploads\/2017\/03\/IMG-20170314-WA0001.jpg?resize=1400%2C800&ssl=1 4x"},"classes":[]}],"jetpack_likes_enabled":true,"_links":{"self":[{"href":"https:\/\/www.legambientevda.it\/index.php\/wp-json\/wp\/v2\/posts\/1632"}],"collection":[{"href":"https:\/\/www.legambientevda.it\/index.php\/wp-json\/wp\/v2\/posts"}],"about":[{"href":"https:\/\/www.legambientevda.it\/index.php\/wp-json\/wp\/v2\/types\/post"}],"author":[{"embeddable":true,"href":"https:\/\/www.legambientevda.it\/index.php\/wp-json\/wp\/v2\/users\/1"}],"replies":[{"embeddable":true,"href":"https:\/\/www.legambientevda.it\/index.php\/wp-json\/wp\/v2\/comments?post=1632"}],"version-history":[{"count":2,"href":"https:\/\/www.legambientevda.it\/index.php\/wp-json\/wp\/v2\/posts\/1632\/revisions"}],"predecessor-version":[{"id":1637,"href":"https:\/\/www.legambientevda.it\/index.php\/wp-json\/wp\/v2\/posts\/1632\/revisions\/1637"}],"wp:featuredmedia":[{"embeddable":true,"href":"https:\/\/www.legambientevda.it\/index.php\/wp-json\/wp\/v2\/media\/1636"}],"wp:attachment":[{"href":"https:\/\/www.legambientevda.it\/index.php\/wp-json\/wp\/v2\/media?parent=1632"}],"wp:term":[{"taxonomy":"category","embeddable":true,"href":"https:\/\/www.legambientevda.it\/index.php\/wp-json\/wp\/v2\/categories?post=1632"},{"taxonomy":"post_tag","embeddable":true,"href":"https:\/\/www.legambientevda.it\/index.php\/wp-json\/wp\/v2\/tags?post=1632"}],"curies":[{"name":"wp","href":"https:\/\/api.w.org\/{rel}","templated":true}]}}