{"id":1584,"date":"2024-08-13T23:05:39","date_gmt":"2024-08-13T21:05:39","guid":{"rendered":"http:\/\/www.legambientevda.it\/?p=1584"},"modified":"2024-09-19T10:22:29","modified_gmt":"2024-09-19T08:22:29","slug":"gli-sconvolgimenti-dei-cambiamenti-climatici-e-il-bisogno-di-adattamento-un-incontro-publico-ad-oyace","status":"publish","type":"post","link":"https:\/\/www.legambientevda.it\/index.php\/2024\/08\/13\/gli-sconvolgimenti-dei-cambiamenti-climatici-e-il-bisogno-di-adattamento-un-incontro-publico-ad-oyace\/","title":{"rendered":"GLI SCONVOLGIMENTI DEI CAMBIAMENTI CLIMATICI E IL BISOGNO DI ADATTAMENTO. UN INCONTRO PUBLICO AD OYACE."},"content":{"rendered":"\n<p>&nbsp;<\/p>\n<p>Si terr\u00e0 ad Oyace, il 21 agosto prossimo dalle ore 17 alle 19,30 un incntro dedicato al tema del necessario adattamento ai cambiamenti climatici, focalizzando il tema sulle nostre montagne. Partecipa!&nbsp;<\/p>\n<p>Info e programma nella locandina sottostante.<\/p>\n<p>Per iscriversi e partecipare clicca : <a href=\"https:\/\/forms.office.com\/e\/Vd0ic0fLEv\">https:\/\/forms.office.com\/e\/Vd0ic0fLEv<\/a><\/p>\n<p>Per info: martina.bosica@legambientepiemonte.it<\/p>\n<p><img decoding=\"async\" loading=\"lazy\" class=\"alignnone wp-image-1585 size-full\" src=\"http:\/\/www.legambientevda.it\/wp-content\/uploads\/2024\/08\/240821-Programma-Convegno-Valpelline-ita_page-0001-1.jpg\" alt=\"\" width=\"1358\" height=\"1920\" srcset=\"https:\/\/www.legambientevda.it\/wp-content\/uploads\/2024\/08\/240821-Programma-Convegno-Valpelline-ita_page-0001-1.jpg 1358w, https:\/\/www.legambientevda.it\/wp-content\/uploads\/2024\/08\/240821-Programma-Convegno-Valpelline-ita_page-0001-1-212x300.jpg 212w, https:\/\/www.legambientevda.it\/wp-content\/uploads\/2024\/08\/240821-Programma-Convegno-Valpelline-ita_page-0001-1-724x1024.jpg 724w, https:\/\/www.legambientevda.it\/wp-content\/uploads\/2024\/08\/240821-Programma-Convegno-Valpelline-ita_page-0001-1-1086x1536.jpg 1086w\" sizes=\"(max-width: 1358px) 100vw, 1358px\" \/><\/p>\n<p>&nbsp;<\/p>\n\n\n\n\n","protected":false},"excerpt":{"rendered":"<p>&nbsp; Si terr\u00e0 ad Oyace, il 21 agosto prossimo dalle ore 17 alle 19,30 un incntro dedicato al tema del necessario adattamento ai cambiamenti climatici, focalizzando il tema sulle nostre montagne. Partecipa!&nbsp; Info e programma nella locandina sottostante. Per iscriversi e partecipare clicca : https:\/\/forms.office.com\/e\/Vd0ic0fLEv Per info: martina.bosica@legambientepiemonte.it &nbsp;<\/p>\n","protected":false},"author":1,"featured_media":1466,"comment_status":"closed","ping_status":"open","sticky":false,"template":"","format":"standard","meta":{"jetpack_post_was_ever_published":false,"_jetpack_newsletter_access":"","footnotes":""},"categories":[27],"tags":[92],"jetpack_featured_media_url":"https:\/\/www.legambientevda.it\/wp-content\/uploads\/2023\/04\/Senza-titolo.jpg","jetpack_sharing_enabled":true,"jetpack_shortlink":"https:\/\/wp.me\/p76AmJ-py","jetpack-related-posts":[{"id":1502,"url":"https:\/\/www.legambientevda.it\/index.php\/2023\/09\/17\/save-the-planet-legambiente-in-piazza-con-amnesty-international-aosta-piazza-e-chanoux-sabato-23-settembre-ore-18-15\/","url_meta":{"origin":1584,"position":0},"title":"SAVE THE PLANET! LEGAMBIENTE IN PIAZZA CON AMNESTY INTERNATIONAL AOSTA- PIAZZA E. CHANOUX-SABATO 23 SETTEMBRE ORE 18.15","author":"adminvda","date":"17 Settembre 2023","format":false,"excerpt":"Il tema della violazione dei diritti umani legati ai cambiamenti climatici \u00e8 di grande attualit\u00e0 perch\u00e9 eventi meteorologici estremi e crisi a insorgenza\u00a0lenta, come la siccit\u00e0, rese pi\u00f9 frequenti e pi\u00f9 gravi dai cambiamenti climatici, stanno danneggiando milioni di persone in tutto il mondo e in particolare nel continente africano.\u2026","rel":"","context":"In &quot;iniziative sul territorio&quot;","block_context":{"text":"iniziative sul territorio","link":"https:\/\/www.legambientevda.it\/index.php\/category\/iniziative-sul-territorio\/"},"img":{"alt_text":"","src":"https:\/\/i0.wp.com\/www.legambientevda.it\/wp-content\/uploads\/2023\/09\/Legamb-Amnesty.jpeg?resize=350%2C200&ssl=1","width":350,"height":200,"srcset":"https:\/\/i0.wp.com\/www.legambientevda.it\/wp-content\/uploads\/2023\/09\/Legamb-Amnesty.jpeg?resize=350%2C200&ssl=1 1x, https:\/\/i0.wp.com\/www.legambientevda.it\/wp-content\/uploads\/2023\/09\/Legamb-Amnesty.jpeg?resize=525%2C300&ssl=1 1.5x, https:\/\/i0.wp.com\/www.legambientevda.it\/wp-content\/uploads\/2023\/09\/Legamb-Amnesty.jpeg?resize=700%2C400&ssl=1 2x"},"classes":[]},{"id":1372,"url":"https:\/\/www.legambientevda.it\/index.php\/2022\/08\/10\/carovana-dei-ghiacciai-2022-il-comunicato-nazionale\/","url_meta":{"origin":1584,"position":1},"title":"Carovana dei Ghiacciai 2022 il comunicato nazionale","author":"adminvda","date":"10 Agosto 2022","format":false,"excerpt":"Al via la terza edizione della campagna di Legambiente con la collaborazione del Comitato Glaciologico Italiano per monitorare la drammatica regressione dei ghiacciai a causa della crisi climatica\u00a0 Ghiacciai alpini si riducono a ritmo inimmaginabile, pi\u00f9 di 200 gi\u00e0 scomparsi\u00a0 Dal 17 agosto al 3 settembre, un viaggio in 5\u2026","rel":"","context":"In &quot;azioni di salvaguardia&quot;","block_context":{"text":"azioni di salvaguardia","link":"https:\/\/www.legambientevda.it\/index.php\/category\/azioni-di-salvaguardia\/"},"img":{"alt_text":"","src":"https:\/\/i0.wp.com\/www.legambientevda.it\/wp-content\/uploads\/2021\/09\/Logo-Carovana-Ghiacciai.jpg?resize=350%2C200&ssl=1","width":350,"height":200},"classes":[]},{"id":667,"url":"https:\/\/www.legambientevda.it\/index.php\/2018\/07\/01\/le-bandiere-valdostane-di-carovana-delle-alpi-2018-il-riconoscimento-alla-famiglia-elter-di-cogne\/","url_meta":{"origin":1584,"position":2},"title":"LE BANDIERE VALDOSTANE DI CAROVANA DELLE ALPI 2018 : il riconoscimento alla famiglia Elter di Cogne","author":"adminvda","date":"1 Luglio 2018","format":false,"excerpt":"Bandiera Verde a: famiglia Elter Motivazione: per il coraggio, la disponibilit\u00e0 e la determinazione dimostrata dalla famiglia Elter che, in rappresentanza di tante altre famiglie alpine, si \u00e8 rivolta alla Corte di Giustizia Europea, per denunciare le ripercussioni dei cambiamenti climatici sulla vita quotidiana di chi vive in montagna e\u2026","rel":"","context":"In &quot;iniziative sul territorio&quot;","block_context":{"text":"iniziative sul territorio","link":"https:\/\/www.legambientevda.it\/index.php\/category\/iniziative-sul-territorio\/"},"img":{"alt_text":"","src":"https:\/\/i0.wp.com\/www.legambientevda.it\/wp-content\/uploads\/2017\/07\/Carovana-delle-Alpi2.jpg?resize=350%2C200&ssl=1","width":350,"height":200,"srcset":"https:\/\/i0.wp.com\/www.legambientevda.it\/wp-content\/uploads\/2017\/07\/Carovana-delle-Alpi2.jpg?resize=350%2C200&ssl=1 1x, https:\/\/i0.wp.com\/www.legambientevda.it\/wp-content\/uploads\/2017\/07\/Carovana-delle-Alpi2.jpg?resize=525%2C300&ssl=1 1.5x"},"classes":[]},{"id":1362,"url":"https:\/\/www.legambientevda.it\/index.php\/2022\/07\/28\/un-problema-importante-per-la-comunita-valdostana-la-caccia-ai-relitti-artici\/","url_meta":{"origin":1584,"position":3},"title":"UN PROBLEMA IMPORTANTE PER LA COMUNITA\u2019 VALDOSTANA : la caccia ai relitti artici","author":"adminvda","date":"28 Luglio 2022","format":false,"excerpt":"Comunicato stampa congiunto del Comitato Interregionale Legambiente Piemonte e Valle d'Aosta e del Circolo valdostano L\u2019odierna seduta del Consiglio regionale valdostano vedr\u00e0 la discussione di una mozione della Lega che affronta un angosciante problema per la comunit\u00e0 locale. Forse che gli otto consiglieri leghisti firmatari portano all\u2019attenzione dell\u2019aula il tema\u2026","rel":"","context":"In &quot;comunicato stampa&quot;","block_context":{"text":"comunicato stampa","link":"https:\/\/www.legambientevda.it\/index.php\/category\/comunicato-stampa\/"},"img":{"alt_text":"","src":"","width":0,"height":0},"classes":[]},{"id":1150,"url":"https:\/\/www.legambientevda.it\/index.php\/2020\/10\/09\/verde-e-alberi-come-bene-comune-degli-aostani-al-nuovo-consiglio-comunale-chiediamo-impegni-concreti-e-verificabili\/","url_meta":{"origin":1584,"position":4},"title":"VERDE E ALBERI COME BENE COMUNE DEGLI AOSTANI AL NUOVO CONSIGLIO COMUNALE CHIEDIAMO IMPEGNI CONCRETI E VERIFICABILI","author":"adminvda","date":"9 Ottobre 2020","format":false,"excerpt":"Mentre si chiudeva il capitolo elettorale e terminava lo spoglio dei voti, in via Giorgio Elter ad Aosta iniziava a consumarsi un nuovo taglio di alberi, tigli che rendevano il quartiere Cogne pi\u00f9 zona polmone che non periferia. Il motivo del taglio \u00e8 che all'interno del progetto di nuovo collegamento\u2026","rel":"","context":"In &quot;comunicato stampa&quot;","block_context":{"text":"comunicato stampa","link":"https:\/\/www.legambientevda.it\/index.php\/category\/comunicato-stampa\/"},"img":{"alt_text":"","src":"","width":0,"height":0},"classes":[]},{"id":378,"url":"https:\/\/www.legambientevda.it\/index.php\/2016\/11\/09\/salva-il-suolo-legambiente-aderisce-alla-campagna-europea\/","url_meta":{"origin":1584,"position":5},"title":"SALVA IL SUOLO! LEGAMBIENTE ADERISCE ALLA CAMPAGNA EUROPEA","author":"adminvda","date":"9 Novembre 2016","format":false,"excerpt":"Salva il suolo con la tua firma Proprio in questo momento stiamo correndo un grave pericolo. Ogni minuto che passa il suolo \u00e8 violentato, soffocato, contaminato, sfruttato, avvelenato, maltrattato, consumato. In Europa, non esiste ancora una legge europea che difenda il suolo. Tutelare il suolo \u00e8 il primo modo di\u2026","rel":"","context":"In &quot;azioni di salvaguardia&quot;","block_context":{"text":"azioni di salvaguardia","link":"https:\/\/www.legambientevda.it\/index.php\/category\/azioni-di-salvaguardia\/"},"img":{"alt_text":"","src":"https:\/\/i0.wp.com\/www.legambientevda.it\/wp-content\/uploads\/2016\/11\/consumo_di_suolo_ispra.jpg?resize=350%2C200&ssl=1","width":350,"height":200,"srcset":"https:\/\/i0.wp.com\/www.legambientevda.it\/wp-content\/uploads\/2016\/11\/consumo_di_suolo_ispra.jpg?resize=350%2C200&ssl=1 1x, https:\/\/i0.wp.com\/www.legambientevda.it\/wp-content\/uploads\/2016\/11\/consumo_di_suolo_ispra.jpg?resize=525%2C300&ssl=1 1.5x"},"classes":[]}],"jetpack_likes_enabled":true,"_links":{"self":[{"href":"https:\/\/www.legambientevda.it\/index.php\/wp-json\/wp\/v2\/posts\/1584"}],"collection":[{"href":"https:\/\/www.legambientevda.it\/index.php\/wp-json\/wp\/v2\/posts"}],"about":[{"href":"https:\/\/www.legambientevda.it\/index.php\/wp-json\/wp\/v2\/types\/post"}],"author":[{"embeddable":true,"href":"https:\/\/www.legambientevda.it\/index.php\/wp-json\/wp\/v2\/users\/1"}],"replies":[{"embeddable":true,"href":"https:\/\/www.legambientevda.it\/index.php\/wp-json\/wp\/v2\/comments?post=1584"}],"version-history":[{"count":2,"href":"https:\/\/www.legambientevda.it\/index.php\/wp-json\/wp\/v2\/posts\/1584\/revisions"}],"predecessor-version":[{"id":1587,"href":"https:\/\/www.legambientevda.it\/index.php\/wp-json\/wp\/v2\/posts\/1584\/revisions\/1587"}],"wp:featuredmedia":[{"embeddable":true,"href":"https:\/\/www.legambientevda.it\/index.php\/wp-json\/wp\/v2\/media\/1466"}],"wp:attachment":[{"href":"https:\/\/www.legambientevda.it\/index.php\/wp-json\/wp\/v2\/media?parent=1584"}],"wp:term":[{"taxonomy":"category","embeddable":true,"href":"https:\/\/www.legambientevda.it\/index.php\/wp-json\/wp\/v2\/categories?post=1584"},{"taxonomy":"post_tag","embeddable":true,"href":"https:\/\/www.legambientevda.it\/index.php\/wp-json\/wp\/v2\/tags?post=1584"}],"curies":[{"name":"wp","href":"https:\/\/api.w.org\/{rel}","templated":true}]}}