{"id":1565,"date":"2024-06-10T18:32:47","date_gmt":"2024-06-10T16:32:47","guid":{"rendered":"http:\/\/www.legambientevda.it\/?p=1565"},"modified":"2024-11-14T22:30:49","modified_gmt":"2024-11-14T21:30:49","slug":"escursione-al-col-ranzola-sabato-15-giugno-partecipa","status":"publish","type":"post","link":"https:\/\/www.legambientevda.it\/index.php\/2024\/06\/10\/escursione-al-col-ranzola-sabato-15-giugno-partecipa\/","title":{"rendered":"ESCURSIONE AL COL RANZOLA\u00a0SABATO 14 SETTEMBRE. PARTECIPA!"},"content":{"rendered":"\n<p lang=\"it-IT\" align=\"JUSTIFY\"><span style=\"color: #000000;\"><span style=\"font-family: Arial, sans-serif;\"><span style=\"font-size: small;\">Legambiente, come \u00e8 noto, ha assegnato una delle due <b>Bandiere Nere<\/b> valdostane dell\u2019edizione 2024 di Carovana delle Alpi al progetto di <b>collegamento intervallivo del Col Ranzola<\/b>. <\/span><\/span><\/span><\/p>\n<p lang=\"it-IT\" align=\"JUSTIFY\"><span style=\"color: #000000;\"><span style=\"font-family: Arial, sans-serif;\"><span style=\"font-size: small;\">Destinatari della nota di demerito sono, in particolare, i sindaci dei due Comuni interessati, Gressoney-Saint-Jean e Brusson.<\/span><\/span><\/span><\/p>\n<p lang=\"it-IT\" align=\"JUSTIFY\"><span style=\"color: #000000;\"><span style=\"font-family: Arial, sans-serif;\"><span style=\"font-size: small;\">Anche in questa occasione, come gi\u00e0 avvenuto in passato, ci <span lang=\"it-IT\">\u00e8 <\/span>sembrato utile affiancare alla presa di posizione una <b>iniziativa nei luoghi interessati dal progetto<\/b>: vogliamo dare la possibilit\u00e0 ai cittadini valdostani e ai turisti di visitare le aree che dovrebbero essere toccate dalla strada ipotizzata, in modo tale che ognuno possa comprendere di cosa si tratta e quale impatto (a nostro avviso negativo) comporterebbe l\u2019eventuale realizzazione della strada.<\/span><\/span><\/span><\/p>\n<p lang=\"it-IT\" align=\"JUSTIFY\"><span style=\"color: #000000;\"><span style=\"font-family: Arial, sans-serif;\"><span style=\"font-size: small;\"><u>Questa escursione era gi<\/u><span lang=\"it-IT\"><u>\u00e0 stata programmata a giugno ma poi rinviata due volte causa maltempo.<\/u><\/span><\/span><\/span><\/span><\/p>\n<p lang=\"it-IT\" align=\"JUSTIFY\"><span style=\"color: #000000;\"><span style=\"font-family: Arial, sans-serif;\"><span style=\"font-size: small;\">Partiremo da Estoul (Brusson), saliremo al colle e da qui scollineremo brevemente sul versante di Gressoney, scendendo sino all\u2019Alpe Ares\u00f2 Inferiore. <\/span><\/span><\/span><\/p>\n<p lang=\"it-IT\" align=\"JUSTIFY\"><span style=\"color: #000000;\"><span style=\"font-family: Arial, sans-serif;\"><span style=\"font-size: small;\">La giornata sar\u00e0 una buona occasione per comprendere meglio i dettagli del percorso ipotizzato dallo studio di fattibilit\u00e0 del collegamento, e soprattutto il devastante impatto che la sua realizzazione comporterebbe.<\/span><\/span><\/span><\/p>\n<p lang=\"it-IT\" align=\"JUSTIFY\"><span style=\"color: #000000;\"><span style=\"font-family: Arial, sans-serif;\"><span style=\"font-size: small;\"><b>Il percorso, adatto a tutti, anche alle famiglie, \u00e8 privo di difficolt\u00e0 tecniche<\/b>. <\/span><\/span><\/span><\/p>\n<p lang=\"it-IT\" align=\"JUSTIFY\"><span style=\"color: #000000;\"><span style=\"font-family: Arial, sans-serif;\"><span style=\"font-size: small;\">Di seguito, una scheda della giornata.<\/span><\/span><\/span><\/p>\n<p lang=\"it-IT\" align=\"LEFT\"><span style=\"color: #000000;\"><span style=\"font-family: Arial, sans-serif;\"><span style=\"font-size: small;\">Luogo di partenza: Estoul (Brusson) alle ore 10 e rientro previsto intorno alle ore 16<\/span><\/span><\/span><\/p>\n<p lang=\"it-IT\" align=\"LEFT\"><span style=\"color: #000000;\"><span style=\"font-family: Arial, sans-serif;\"><span style=\"font-size: small;\">Luogo di arrivo: Alpe Ares\u00f2 Inferiore (Gressoney Saint Jean)<\/span><\/span><\/span><\/p>\n<p lang=\"it-IT\" align=\"LEFT\"><span style=\"color: #000000;\"><span style=\"font-family: Arial, sans-serif;\"><span style=\"font-size: small;\">Tipo di percorso: a\/r<\/span><\/span><\/span><\/p>\n<p lang=\"it-IT\" align=\"LEFT\"><span style=\"color: #000000;\"><span style=\"font-family: Arial, sans-serif;\"><span style=\"font-size: small;\">Dislivello positivo: 400 m.<\/span><\/span><\/span><\/p>\n<p lang=\"it-IT\" align=\"LEFT\"><span style=\"color: #000000;\"><span style=\"font-family: Arial, sans-serif;\"><span style=\"font-size: small;\">Lunghezza totale percorso: circa 10 km.<\/span><\/span><\/span><\/p>\n<p lang=\"it-IT\" align=\"LEFT\"><span style=\"color: #000000;\"><span style=\"font-family: Arial, sans-serif;\"><span style=\"font-size: small;\">Ritrovo per chi <span lang=\"it-IT\">\u00e8 di Aosta o <\/span>proviene dall\u2019alta Valle: ore 8 ad Aosta in piazza Ducler (vicino alla Questura, lato via Chambery)<\/span><\/span><\/span><\/p>\n<p lang=\"it-IT\" align=\"LEFT\"><span style=\"color: #000000;\"><span style=\"font-family: Arial, sans-serif;\"><span style=\"font-size: small;\">Ritrovo per tutti alle ore 9.40 a <b>Brusson, <\/b>parcheggio in<b> zona laghetto<\/b>, per compattare le auto.<\/span><\/span><\/span><\/p>\n<p lang=\"it-IT\" align=\"LEFT\"><span style=\"color: #000000;\"><span style=\"font-family: Arial, sans-serif;\"><span style=\"font-size: small;\">L&#8217;iniziativa \u00e8 gratuita con <b>prenotazione obbligatoria<\/b> entro e non oltre le ore 20 del 13 settembre.<\/span><\/span><\/span><\/p>\n<p lang=\"it-IT\" align=\"LEFT\"><span style=\"color: #000000;\"><span style=\"font-family: Arial, sans-serif;\"><span style=\"font-size: small;\">Pranzo al sacco a carico dei partecipanti.<\/span><\/span><\/span><\/p>\n<p lang=\"it-IT\" align=\"LEFT\"><span style=\"color: #000000;\"><span style=\"font-family: Arial, sans-serif;\"><span style=\"font-size: small;\">Info e prenotazioni: <span style=\"color: #0000ff;\"><u><a href=\"mailto:legambientevda@gmail.com\">legambientevda@gmail.com<\/a><\/u><\/span> oppure &#8211; dopo le ore 18 \u2013 al numero 3471237701 <\/span><\/span><\/span><\/p>\n\n\n","protected":false},"excerpt":{"rendered":"<p>Legambiente, come \u00e8 noto, ha assegnato una delle due Bandiere Nere valdostane dell\u2019edizione 2024 di Carovana delle Alpi al progetto di collegamento intervallivo del Col Ranzola. Destinatari della nota di demerito sono, in particolare, i sindaci dei due Comuni interessati, Gressoney-Saint-Jean e Brusson. Anche in questa occasione, come gi\u00e0 avvenuto in passato, ci \u00e8 sembrato &hellip; <a href=\"https:\/\/www.legambientevda.it\/index.php\/2024\/06\/10\/escursione-al-col-ranzola-sabato-15-giugno-partecipa\/\" class=\"more-link\">Continua la lettura di <span class=\"screen-reader-text\">ESCURSIONE AL COL RANZOLA\u00a0SABATO 14 SETTEMBRE. PARTECIPA!<\/span> <span class=\"meta-nav\">&rarr;<\/span><\/a><\/p>\n","protected":false},"author":1,"featured_media":1551,"comment_status":"closed","ping_status":"open","sticky":false,"template":"","format":"standard","meta":{"jetpack_post_was_ever_published":false,"_jetpack_newsletter_access":"","footnotes":""},"categories":[5,27],"tags":[54],"jetpack_featured_media_url":"https:\/\/www.legambientevda.it\/wp-content\/uploads\/2024\/03\/Col-Ranzola.jpg","jetpack_sharing_enabled":true,"jetpack_shortlink":"https:\/\/wp.me\/p76AmJ-pf","jetpack-related-posts":[{"id":1115,"url":"https:\/\/www.legambientevda.it\/index.php\/2020\/07\/28\/carovana-delle-alpi-2020-bandiera-nera-alle-giunte-regionali-e-amministrazioni-comunali-di-issogne-e-champdepraz-in-carica-dal-2014-al-2019\/","url_meta":{"origin":1565,"position":0},"title":"carovana delle alpi 2020. bandiera nera alle giunte regionali e amministrazioni comunali di issogne e champdepraz in carica dal 2014 al 2019","author":"adminvda","date":"28 Luglio 2020","format":false,"excerpt":"MOTIVAZIONE: per aver autorizzato la realizzazione di una discarica per \u201crifiuti speciali non pericolosi\u201d a due passi dal Parco Naturale del Mont Avic, scrigno di ambienti protetti e biodiversit\u00e0 montana. Dal sito istituzionale della Regione Autonoma Valle d'Aosta: \u201cIl Parco Naturale Mont Avic, primo parco naturale valdostano, \u00e8 stato istituito\u2026","rel":"","context":"In &quot;iniziative sul territorio&quot;","block_context":{"text":"iniziative sul territorio","link":"https:\/\/www.legambientevda.it\/index.php\/category\/iniziative-sul-territorio\/"},"img":{"alt_text":"","src":"","width":0,"height":0},"classes":[]},{"id":356,"url":"https:\/\/www.legambientevda.it\/index.php\/2016\/07\/23\/carovana-delle-alpi-2016-unaltra-estate-con-legambiente-alla-scoperta-di-opportunita-e-minacce-per-il-nostro-territorio\/","url_meta":{"origin":1565,"position":1},"title":"CAROVANA DELLE ALPI 2016 :  UN\u2019ALTRA ESTATE CON LEGAMBIENTE ALLA SCOPERTA DI OPPORTUNIT\u00c0 E MINACCE PER IL NOSTRO TERRITORIO","author":"adminvda","date":"23 Luglio 2016","format":false,"excerpt":"E\u2019 partita ad inizio luglio Carovana delle Alpi, la campagna nazionaleestiva di Legambiente che ogni anno fa il punto sulla situazione ambientale lungo l\u2019arco alpino. Per l\u2019edizione 2016 il Circolo valdostano del Cigno Verde ha individuato alcune criticit\u00e0, rappresentate sia da pratiche turistiche a nostro avviso errate che da progetti\u2026","rel":"","context":"In &quot;comunicato stampa&quot;","block_context":{"text":"comunicato stampa","link":"https:\/\/www.legambientevda.it\/index.php\/category\/comunicato-stampa\/"},"img":{"alt_text":"","src":"https:\/\/i0.wp.com\/www.legambientevda.it\/wp-content\/uploads\/2016\/06\/CarovanaDelleAlpi2-300x216.gif?resize=350%2C200","width":350,"height":200},"classes":[]},{"id":549,"url":"https:\/\/www.legambientevda.it\/index.php\/2017\/08\/16\/domenica-27-agosto-primo-trekking-di-carovana-delle-alpi-2017-alla-scoperta-della-conca-del-gabiet\/","url_meta":{"origin":1565,"position":2},"title":"DOMENICA 27 AGOSTO : PRIMO TREKKING DI CAROVANA DELLE ALPI 2017 ALLA SCOPERTA DELLA CONCA DEL GABIET","author":"adminvda","date":"16 Agosto 2017","format":false,"excerpt":"\u00a0 Il 27 agosto prossimo saliremo alla conca del Gabiet, per visitare i luoghi che rischiano di essere devastati dal progetto di pista da sci che, dalla Punta Indren, dovrebbe scendere proprio al Gabiet. Ci troveremo a Gressoney-la-Trinit\u00e9, loc.Staffal, alla stazione di partenza della cabinovia per il Gabiet alle ore\u2026","rel":"","context":"In &quot;informazione&quot;","block_context":{"text":"informazione","link":"https:\/\/www.legambientevda.it\/index.php\/category\/informazione\/"},"img":{"alt_text":"","src":"","width":0,"height":0},"classes":[]},{"id":1235,"url":"https:\/\/www.legambientevda.it\/index.php\/2021\/07\/15\/carovana-delle-alpi-2021-leggi-il-dossier-di-legambiente\/","url_meta":{"origin":1565,"position":3},"title":"carovana delle alpi 2021-leggi il dossier di legambiente!","author":"adminvda","date":"15 Luglio 2021","format":false,"excerpt":"Le bandiere di Carovana delle Alpi sono state assegnate su tutte le regioni dell'Arco Alpino. Leggi il dossier completo, per avere una rassegna delle buone pratiche e degli scempi che minacciano i nostri territori. Trovi tutto qui: https:\/\/www.legambiente.it\/campagna\/carovana-delle-alpi\/","rel":"","context":"In &quot;Dossiers nazionali&quot;","block_context":{"text":"Dossiers nazionali","link":"https:\/\/www.legambientevda.it\/index.php\/category\/dossiers-nazionali\/"},"img":{"alt_text":"","src":"","width":0,"height":0},"classes":[]},{"id":664,"url":"https:\/\/www.legambientevda.it\/index.php\/2018\/07\/01\/le-bandiere-valdostane-di-carovana-delle-alpi-2018-il-riconoscimento-alle-giunte-regionali-marquis-e-vierin\/","url_meta":{"origin":1565,"position":4},"title":"LE BANDIERE VALDOSTANE DI CAROVANA DELLE ALPI 2018 :il riconoscimento alle Giunte Regionali Marquis e Vi\u00e9rin","author":"adminvda","date":"1 Luglio 2018","format":false,"excerpt":"Bandiera Verde a: Giunte Regionali Marquis e Vierin e rispettivi Assessorati all\u2019Ambiente Motivazione: per aver avviato e approvato con atti formali il processo di costruzione della candidatura del Monte Bianco a patrimonio UNESCO. Descrizione: Ormai da decenni si parla di una possibile iscrizione del massiccio del Monte Bianco nella lista\u2026","rel":"","context":"In &quot;iniziative sul territorio&quot;","block_context":{"text":"iniziative sul territorio","link":"https:\/\/www.legambientevda.it\/index.php\/category\/iniziative-sul-territorio\/"},"img":{"alt_text":"","src":"","width":0,"height":0},"classes":[]},{"id":1559,"url":"https:\/\/www.legambientevda.it\/index.php\/2024\/05\/30\/carovana-delle-alpi-2024-quattro-bandiere-verdi-e-due-nere-in-valle-daosta\/","url_meta":{"origin":1565,"position":5},"title":"CAROVANA DELLE ALPI 2024.QUATTRO BANDIERE VERDI E DUE NERE IN VALLE D&#8217;AOSTA","author":"adminvda","date":"30 Maggio 2024","format":false,"excerpt":"Comunicato stampa di Legambiente Alpi, in occasione dell'ottavo SUMMIT DELLE BANDIERE VERDI, tenutosi a Chiavenna (SO) il 25 maggio. Cliccandu sul testo in vede \u00e8 possibile leggere il report dell'edizione 2024 di Carovana delle Alpi Alpi sempre pi\u00f9 green, attente alla sostenibilit\u00e0 e all\u2019innovazione. A testimoniarlo \u00e8 lo sprint nel\u2026","rel":"","context":"In &quot;comunicati nazionali&quot;","block_context":{"text":"comunicati nazionali","link":"https:\/\/www.legambientevda.it\/index.php\/category\/comunicati-nazionali\/"},"img":{"alt_text":"","src":"https:\/\/i0.wp.com\/www.legambientevda.it\/wp-content\/uploads\/2021\/06\/Logo-Carovana-delle-Alpi.png?resize=350%2C200&ssl=1","width":350,"height":200,"srcset":"https:\/\/i0.wp.com\/www.legambientevda.it\/wp-content\/uploads\/2021\/06\/Logo-Carovana-delle-Alpi.png?resize=350%2C200&ssl=1 1x, https:\/\/i0.wp.com\/www.legambientevda.it\/wp-content\/uploads\/2021\/06\/Logo-Carovana-delle-Alpi.png?resize=525%2C300&ssl=1 1.5x, https:\/\/i0.wp.com\/www.legambientevda.it\/wp-content\/uploads\/2021\/06\/Logo-Carovana-delle-Alpi.png?resize=700%2C400&ssl=1 2x, https:\/\/i0.wp.com\/www.legambientevda.it\/wp-content\/uploads\/2021\/06\/Logo-Carovana-delle-Alpi.png?resize=1050%2C600&ssl=1 3x"},"classes":[]}],"jetpack_likes_enabled":true,"_links":{"self":[{"href":"https:\/\/www.legambientevda.it\/index.php\/wp-json\/wp\/v2\/posts\/1565"}],"collection":[{"href":"https:\/\/www.legambientevda.it\/index.php\/wp-json\/wp\/v2\/posts"}],"about":[{"href":"https:\/\/www.legambientevda.it\/index.php\/wp-json\/wp\/v2\/types\/post"}],"author":[{"embeddable":true,"href":"https:\/\/www.legambientevda.it\/index.php\/wp-json\/wp\/v2\/users\/1"}],"replies":[{"embeddable":true,"href":"https:\/\/www.legambientevda.it\/index.php\/wp-json\/wp\/v2\/comments?post=1565"}],"version-history":[{"count":3,"href":"https:\/\/www.legambientevda.it\/index.php\/wp-json\/wp\/v2\/posts\/1565\/revisions"}],"predecessor-version":[{"id":1590,"href":"https:\/\/www.legambientevda.it\/index.php\/wp-json\/wp\/v2\/posts\/1565\/revisions\/1590"}],"wp:featuredmedia":[{"embeddable":true,"href":"https:\/\/www.legambientevda.it\/index.php\/wp-json\/wp\/v2\/media\/1551"}],"wp:attachment":[{"href":"https:\/\/www.legambientevda.it\/index.php\/wp-json\/wp\/v2\/media?parent=1565"}],"wp:term":[{"taxonomy":"category","embeddable":true,"href":"https:\/\/www.legambientevda.it\/index.php\/wp-json\/wp\/v2\/categories?post=1565"},{"taxonomy":"post_tag","embeddable":true,"href":"https:\/\/www.legambientevda.it\/index.php\/wp-json\/wp\/v2\/tags?post=1565"}],"curies":[{"name":"wp","href":"https:\/\/api.w.org\/{rel}","templated":true}]}}