{"id":1554,"date":"2024-05-22T23:27:37","date_gmt":"2024-05-22T21:27:37","guid":{"rendered":"http:\/\/www.legambientevda.it\/?p=1554"},"modified":"2025-05-09T21:55:40","modified_gmt":"2025-05-09T19:55:40","slug":"serve-davvero-sacrificare-lintera-alberatura-del-tesolin","status":"publish","type":"post","link":"https:\/\/www.legambientevda.it\/index.php\/2024\/05\/22\/serve-davvero-sacrificare-lintera-alberatura-del-tesolin\/","title":{"rendered":"Serve davvero sacrificare l&#8217;intera alberatura del Tesolin?"},"content":{"rendered":"\n<p align=\"justify\">Legambiente ha raccolto alcune voci in merito all\u2019imminente rifacimento dell\u2019impianto di atletica di Aosta, il campo scuola Tesolin, che ha visto crescere e cimentarsi intere generazioni di studenti e di atleti nelle varie discipline del nobile sport.<\/p>\n<p align=\"justify\">Diciamolo pure: era ora che si mettesse mano alla pista, ormai in stato di avanzato disfacimento, ma la novit\u00e0 \u00e8 che si vuole ampliare la struttura dalle 6 alle 8 corsie. Il motivo pare essere quello di potervi svolgere gare internazionali.<\/p>\n<p align=\"justify\">La voce che gira \u00e8 che, nonostante i lavori di ampliamento,\u00a0<b>la struttura non soddisfer\u00e0 comunque le condizioni per l\u2019omologazione<\/b>\u00a0per competizioni di tale livello.<\/p>\n<p align=\"justify\">Non sarebbe un fatto eccezionale, nella memoria ci rimangono i recenti ricordi della piscina di Variney, che era stata costruita in fallo di pochi centimetri, tanto da permettere solo le gare tra scapoli e ammogliati.\u00a0<\/p>\n<p align=\"justify\">Pare che il progetto preveda l\u2019eliminazione dell\u2019intera alberata che divide il campo di gara dal parcheggio di via Garin, pi\u00f9 altri alberi interni all\u2019area sportiva.<\/p>\n<p align=\"justify\">Siccome Comune di Aosta e Regione investiranno non pochi soldi per il rifacimento dell\u2019impianto, prima di sacrificare tanti alberi e una delle poche oasi di ombra della zona, saremmo contenti che venissero dichiarati pubblicamente\u00a0<b>quali sono i reali obiettivi e le aspettative in merito al progetto<\/b>\u00a0di allargamento della pista, e se le condizioni per l\u2019eventuale omologazione del campo possano essere verificate\u00a0<b>prima e non dopo<\/b>\u00a0l\u2019esecuzione dei lavori.<\/p>\n","protected":false},"excerpt":{"rendered":"<p>Legambiente ha raccolto alcune voci in merito all\u2019imminente rifacimento dell\u2019impianto di atletica di Aosta, il campo scuola Tesolin, che ha visto crescere e cimentarsi intere generazioni di studenti e di atleti nelle varie discipline del nobile sport. Diciamolo pure: era ora che si mettesse mano alla pista, ormai in stato di avanzato disfacimento, ma la &hellip; <a href=\"https:\/\/www.legambientevda.it\/index.php\/2024\/05\/22\/serve-davvero-sacrificare-lintera-alberatura-del-tesolin\/\" class=\"more-link\">Continua la lettura di <span class=\"screen-reader-text\">Serve davvero sacrificare l&#8217;intera alberatura del Tesolin?<\/span> <span class=\"meta-nav\">&rarr;<\/span><\/a><\/p>\n","protected":false},"author":1,"featured_media":1555,"comment_status":"closed","ping_status":"open","sticky":false,"template":"","format":"standard","meta":{"jetpack_post_was_ever_published":false,"_jetpack_newsletter_access":"","footnotes":""},"categories":[5],"tags":[129],"jetpack_featured_media_url":"https:\/\/www.legambientevda.it\/wp-content\/uploads\/2024\/05\/aLBERI-TESOLIN.jpg","jetpack_sharing_enabled":true,"jetpack_shortlink":"https:\/\/wp.me\/p76AmJ-p4","jetpack-related-posts":[{"id":1561,"url":"https:\/\/www.legambientevda.it\/index.php\/2024\/05\/30\/campo-scuola-ettore-tesolin-chi-ha-voluto-le-8-corsie\/","url_meta":{"origin":1554,"position":0},"title":"CAMPO SCUOLA ETTORE TESOLIN: CHI HA VOLUTO LE 8 CORSIE?","author":"adminvda","date":"30 Maggio 2024","format":false,"excerpt":"In risposta ai nostri dubbi sugli imminenti lavori di rifacimento della pista di atletica del Campo Ettore Tesolin e sull\u2019opportunit\u00e0 di mantenere in vita gli alberi esistenti, l\u2019assessore del Comune di Aosta Corrado Cometto ha risposto con franchezza. Di sicuro Legambiente concorda sul fatto che era certamente ora di mettere\u2026","rel":"","context":"In &quot;comunicato stampa&quot;","block_context":{"text":"comunicato stampa","link":"https:\/\/www.legambientevda.it\/index.php\/category\/comunicato-stampa\/"},"img":{"alt_text":"","src":"https:\/\/i0.wp.com\/www.legambientevda.it\/wp-content\/uploads\/2024\/05\/aLBERI-TESOLIN.jpg?resize=350%2C200&ssl=1","width":350,"height":200,"srcset":"https:\/\/i0.wp.com\/www.legambientevda.it\/wp-content\/uploads\/2024\/05\/aLBERI-TESOLIN.jpg?resize=350%2C200&ssl=1 1x, https:\/\/i0.wp.com\/www.legambientevda.it\/wp-content\/uploads\/2024\/05\/aLBERI-TESOLIN.jpg?resize=525%2C300&ssl=1 1.5x, https:\/\/i0.wp.com\/www.legambientevda.it\/wp-content\/uploads\/2024\/05\/aLBERI-TESOLIN.jpg?resize=700%2C400&ssl=1 2x, https:\/\/i0.wp.com\/www.legambientevda.it\/wp-content\/uploads\/2024\/05\/aLBERI-TESOLIN.jpg?resize=1050%2C600&ssl=1 3x, https:\/\/i0.wp.com\/www.legambientevda.it\/wp-content\/uploads\/2024\/05\/aLBERI-TESOLIN.jpg?resize=1400%2C800&ssl=1 4x"},"classes":[]},{"id":1176,"url":"https:\/\/www.legambientevda.it\/index.php\/2020\/12\/08\/giovedi-17-dicembre-webinar-onlinespecie-aliene-invasive-a-saint-marcel-partecipa\/","url_meta":{"origin":1554,"position":1},"title":"GIOVEDI&#8217; 17 DICEMBRE :WEBINAR ONLINE:&#8221;SPECIE ALIENE INVASIVE  A  SAINT MARCEL. PARTECIPA!","author":"adminvda","date":"8 Dicembre 2020","format":false,"excerpt":"Gioved\u00ec 17 dalle 17 alle 19 si terr\u00e0 il webinar sulle specie invasive nella Riserva naturale Zona umida Les \u00celes di Saint-Marcel e sulla loro gestione con l'intervento della Dott.ssa Ornella Cerise della Struttura Regionale Biodiversit\u00e0 e Aree Naturali Protette della Valle d'Aosta. La piattaforma utilizzata sar\u00e0 Microsoft Teams, ma\u2026","rel":"","context":"In &quot;iniziative sul territorio&quot;","block_context":{"text":"iniziative sul territorio","link":"https:\/\/www.legambientevda.it\/index.php\/category\/iniziative-sul-territorio\/"},"img":{"alt_text":"","src":"https:\/\/i0.wp.com\/www.legambientevda.it\/wp-content\/uploads\/2019\/03\/Banner_orizzontale_ita_VisPO.gif?resize=350%2C200&ssl=1","width":350,"height":200,"srcset":"https:\/\/i0.wp.com\/www.legambientevda.it\/wp-content\/uploads\/2019\/03\/Banner_orizzontale_ita_VisPO.gif?resize=350%2C200&ssl=1 1x, https:\/\/i0.wp.com\/www.legambientevda.it\/wp-content\/uploads\/2019\/03\/Banner_orizzontale_ita_VisPO.gif?resize=525%2C300&ssl=1 1.5x"},"classes":[]},{"id":1415,"url":"https:\/\/www.legambientevda.it\/index.php\/2022\/11\/10\/a-introd-due-nuovi-lupi\/","url_meta":{"origin":1554,"position":2},"title":"A Introd due nuovi lupi","author":"adminvda","date":"10 Novembre 2022","format":false,"excerpt":"100 mila euro di finanziamento pubblico per un discutibile modello educativo A Legambiente gli zoo cammuffati da risorsa per il territorio non piacciono. Dietro imprese quali i parc animalier si nasconde un commercio che ribalta la logica secondo la quale sono mantenuti in cattivit\u00e0 animali selvatici che, o per le\u2026","rel":"","context":"In &quot;animali&quot;","block_context":{"text":"animali","link":"https:\/\/www.legambientevda.it\/index.php\/category\/animali\/"},"img":{"alt_text":"","src":"https:\/\/i0.wp.com\/www.legambientevda.it\/wp-content\/uploads\/2016\/04\/animals-1060594_960_720.jpg?resize=350%2C200&ssl=1","width":350,"height":200,"srcset":"https:\/\/i0.wp.com\/www.legambientevda.it\/wp-content\/uploads\/2016\/04\/animals-1060594_960_720.jpg?resize=350%2C200&ssl=1 1x, https:\/\/i0.wp.com\/www.legambientevda.it\/wp-content\/uploads\/2016\/04\/animals-1060594_960_720.jpg?resize=525%2C300&ssl=1 1.5x, https:\/\/i0.wp.com\/www.legambientevda.it\/wp-content\/uploads\/2016\/04\/animals-1060594_960_720.jpg?resize=700%2C400&ssl=1 2x"},"classes":[]},{"id":1734,"url":"https:\/\/www.legambientevda.it\/index.php\/2026\/02\/02\/il-marais-di-morgex-la-salle\/","url_meta":{"origin":1554,"position":3},"title":"IL MARAIS DI MORGEX \u2013 LA SALLE\u00a0","author":"adminvda","date":"2 Febbraio 2026","format":false,"excerpt":"UNA ZONA UMIDA ALLA RICERCA DELLA SOSTENIBILITA', TRA BIODIVERSITA' E TURISMO ESPERIENZIALE Oggi,\u00a02\u00a0febbraio,\u00a0ricorre la\u00a0Giornata Mondiale delle Zone Umide\u00a0che celebra la firma, avvenuta nel 1971, della Convenzione di Ramsar sulle zone umide.\u00a0 Legambiente, nelle sue articolazioni locale e interregionale, ha organizzato per\u00a0venerd\u00ec 6 febbraio, insieme al\u00a0Comitato Dora Baltea Viva, un evento\u2026","rel":"","context":"In &quot;comunicato stampa&quot;","block_context":{"text":"comunicato stampa","link":"https:\/\/www.legambientevda.it\/index.php\/category\/comunicato-stampa\/"},"img":{"alt_text":"","src":"https:\/\/i0.wp.com\/www.legambientevda.it\/wp-content\/uploads\/2026\/02\/Convegno-Morgex-Marais.jpeg?resize=350%2C200&ssl=1","width":350,"height":200},"classes":[]},{"id":659,"url":"https:\/\/www.legambientevda.it\/index.php\/2018\/06\/29\/rifiuti-inerti-pericolosi-a-pompiod\/","url_meta":{"origin":1554,"position":4},"title":"Rifiuti inerti (pericolosi?) a Pompiod","author":"adminvda","date":"29 Giugno 2018","format":false,"excerpt":"Pubblichiamo la segnalazione inviata ai sindaci di Aymavilles e Joven\u00e7an, alla Forestale e per conoscenza agli organi di stampa Da un po\u2019 di mesi gli abitanti di Aymavilles ci comunicano di osservare con preoccupazione un gran via vai di camion verso la discarica di Pompiod e si chiedono quali rifiuti\u2026","rel":"","context":"In &quot;azioni di salvaguardia&quot;","block_context":{"text":"azioni di salvaguardia","link":"https:\/\/www.legambientevda.it\/index.php\/category\/azioni-di-salvaguardia\/"},"img":{"alt_text":"","src":"https:\/\/i0.wp.com\/www.legambientevda.it\/wp-content\/uploads\/2018\/07\/p_5811cc8729.png?resize=350%2C200&ssl=1","width":350,"height":200},"classes":[]},{"id":458,"url":"https:\/\/www.legambientevda.it\/index.php\/2017\/04\/20\/legambiente-a-maison-et-loisir-per-parlare-di-sostenibilita-ambientale-nei-condomini\/","url_meta":{"origin":1554,"position":5},"title":"LEGAMBIENTE A MAISON ET LOISIR PER PARLARE DI SOSTENIBILITA&#8217; AMBIENTALE NEI CONDOMINI","author":"adminvda","date":"20 Aprile 2017","format":false,"excerpt":"Luned\u00ec 24 aprile dalle ore 10 alle ore 13 Sala Conferenze \u2013 Maison&loisir \u201cCIVICO 5.0: LA SOSTENIBILITA\u2019 E L\u2019EFFICIENZA ENERGETICA NEI CONDOMINI\u201d PROGRAMMA DEI LAVORI H 10: Registrazione dei partecipanti (per i prenotati) H 10.15: apertura dei lavori. Saluto dell\u2019Assessore alle Attivit\u00e0 Produttive, Energia, Politichedel Lavoro e Ambiente, Fabrizio Roscio.\u2026","rel":"","context":"In &quot;iniziative sul territorio&quot;","block_context":{"text":"iniziative sul territorio","link":"https:\/\/www.legambientevda.it\/index.php\/category\/iniziative-sul-territorio\/"},"img":{"alt_text":"","src":"https:\/\/i0.wp.com\/www.legambientevda.it\/wp-content\/uploads\/2017\/04\/3be82c_a2f5ccf2d34f449a88b629f5c3aa995bmv2-300x270.jpg?resize=350%2C200","width":350,"height":200},"classes":[]}],"jetpack_likes_enabled":true,"_links":{"self":[{"href":"https:\/\/www.legambientevda.it\/index.php\/wp-json\/wp\/v2\/posts\/1554"}],"collection":[{"href":"https:\/\/www.legambientevda.it\/index.php\/wp-json\/wp\/v2\/posts"}],"about":[{"href":"https:\/\/www.legambientevda.it\/index.php\/wp-json\/wp\/v2\/types\/post"}],"author":[{"embeddable":true,"href":"https:\/\/www.legambientevda.it\/index.php\/wp-json\/wp\/v2\/users\/1"}],"replies":[{"embeddable":true,"href":"https:\/\/www.legambientevda.it\/index.php\/wp-json\/wp\/v2\/comments?post=1554"}],"version-history":[{"count":1,"href":"https:\/\/www.legambientevda.it\/index.php\/wp-json\/wp\/v2\/posts\/1554\/revisions"}],"predecessor-version":[{"id":1556,"href":"https:\/\/www.legambientevda.it\/index.php\/wp-json\/wp\/v2\/posts\/1554\/revisions\/1556"}],"wp:featuredmedia":[{"embeddable":true,"href":"https:\/\/www.legambientevda.it\/index.php\/wp-json\/wp\/v2\/media\/1555"}],"wp:attachment":[{"href":"https:\/\/www.legambientevda.it\/index.php\/wp-json\/wp\/v2\/media?parent=1554"}],"wp:term":[{"taxonomy":"category","embeddable":true,"href":"https:\/\/www.legambientevda.it\/index.php\/wp-json\/wp\/v2\/categories?post=1554"},{"taxonomy":"post_tag","embeddable":true,"href":"https:\/\/www.legambientevda.it\/index.php\/wp-json\/wp\/v2\/tags?post=1554"}],"curies":[{"name":"wp","href":"https:\/\/api.w.org\/{rel}","templated":true}]}}