{"id":1550,"date":"2024-03-30T22:28:28","date_gmt":"2024-03-30T21:28:28","guid":{"rendered":"http:\/\/www.legambientevda.it\/?p=1550"},"modified":"2024-11-14T22:31:23","modified_gmt":"2024-11-14T21:31:23","slug":"col-ranzola-ennesimo-spreco-di-denaro-pubblico-per-rovinare-la-montagna","status":"publish","type":"post","link":"https:\/\/www.legambientevda.it\/index.php\/2024\/03\/30\/col-ranzola-ennesimo-spreco-di-denaro-pubblico-per-rovinare-la-montagna\/","title":{"rendered":"COL RANZOLA : ENNESIMO SPRECO DI DENARO PUBBLICO PER ROVINARE LA MONTAGNA"},"content":{"rendered":"\n<p>Come si fa a \u201criqualificare\u201d una strada se quella strada non c\u2019\u00e8? Eppure  delibera che investe circa tre milioni di euro di soldi pubblici per creare un collegamento intervallivo tra la Valle diGressoney e quella di Ayas &#8211; presumibilmente con enormi muri di sostegno per i tornanti necessari<br>a superare la pendenza &#8211; \u00e8 proprio scritto cos\u00ec: \u201criqualificazione\u201d della strada del Col Ranzola. Non \u00e8 un modo onesto di usare le parole! Ma a questo siamo abituati: ormai non c\u2019\u00e8 scempio che non sia garantito \u201csostenibile\u201d.<br>Il collegamento che la Regione vorrebbe realizzare tra la zona di Estoul, in comune di Brusson, e l&#8217;arrivo della seggiovia Weissmatten, in comune di Gressoney-Sain-Jean, su crinali geologicamente fragili, \u00e8 stata proposta dalle due amministrazioni locali interessate e consisterebbe nella realizzazione di un tracciato in gran parte nuovo, lungo circa 6 km, volto a collegare le due poderali gi\u00e0 esistenti: quella che da Estoul raggiunge gli alpeggi sotto al colle e quella a servizio della localit\u00e0 Weissmatten sul versante gressonaro.<br>Legambiente segue la vicenda sin dalle sue prime battute ed acquisir\u00e0 nei giorni prossimi lo studio di fattibilit\u00e0 della nuova strada, che non \u00e8 stato reso pubblico e che potr\u00e0 essere ritirato solo direttamente in loco, a Gressoney. L\u2019accesso agli atti in formato digitale non \u00e8 previsto.<br>In attesa di poter sviluppare osservazioni puntuali sulla proposta di tracciato, che sappiamo con certezza toccher\u00e0 aree naturali di pregio, con riconosciuta valenza storica e archeologica, segnaliamo che la somma di denaro pubblico stanziato, in un periodo di contrazione continua di servizi essenziali, e le motivazioni a sostegno di questa scelta sollevano forti perplessit\u00e0.<br>Non comprendiamo come un tracciato poderale che attraversa zone fortemente acclivi e instabili possa fungere da via di fuga in caso di calamit\u00e0 naturali. E&#8217; anche difficile ravvisare la tanto sottolineata valenza ciclabile di questo collegamento. La zona a monte di Estoul \u00e8 percorsa da numerose strade poderali utilizzabili anche dalle bici. Una di esse,<br>per esempio, raggiunge la conca dei laghi di Palasinaz, e una sua diramazione il pi\u00f9 vicino lago Litteran. L&#8217;amministrazione ipotizza anche un collegamento ulteriore al col de Joux che, a sua volta, \u00e8 nodo centrale di un a serie di itinerari escursionistici e cicloescursionistici gi\u00e0 esistenti ,<br>frequentati da tempo dai turisti. Non ci pare che l&#8217;offerta sia carente. E non ci pare che questo ennesimo itinerario per mountain bike &#8211; tre milioni di euro del FOSMIT (cospicuo fondo statale per<br>lo sviluppo delle montagne italiane) &#8211; sia un buon investimento.<br>\u201cDa tempo Legambiente, anche a livello nazionale &#8211; ha dichiarato il Presidente del circolo valdostano Denis Buttol &#8211; sottolinea che un reale contrasto allo spopolamento montano debba fondarsi, innanzitutto, sul ripristino dei servizi (medici, market, uffici, connessioni veloci<br>internet, trasporti) sempre pi\u00f9 carenti\u201d.<br>In questo modo dovrebbero essere investiti i fondi pubblici, non per realizzare l&#8217;ennesima, inutile, opera di devastazione del territorio.<\/p>\n","protected":false},"excerpt":{"rendered":"<p>Come si fa a \u201criqualificare\u201d una strada se quella strada non c\u2019\u00e8? Eppure delibera che investe circa tre milioni di euro di soldi pubblici per creare un collegamento intervallivo tra la Valle diGressoney e quella di Ayas &#8211; presumibilmente con enormi muri di sostegno per i tornanti necessaria superare la pendenza &#8211; \u00e8 proprio scritto &hellip; <a href=\"https:\/\/www.legambientevda.it\/index.php\/2024\/03\/30\/col-ranzola-ennesimo-spreco-di-denaro-pubblico-per-rovinare-la-montagna\/\" class=\"more-link\">Continua la lettura di <span class=\"screen-reader-text\">COL RANZOLA : ENNESIMO SPRECO DI DENARO PUBBLICO PER ROVINARE LA MONTAGNA<\/span> <span class=\"meta-nav\">&rarr;<\/span><\/a><\/p>\n","protected":false},"author":1,"featured_media":1551,"comment_status":"closed","ping_status":"open","sticky":false,"template":"","format":"standard","meta":{"jetpack_post_was_ever_published":false,"_jetpack_newsletter_access":"","footnotes":""},"categories":[5],"tags":[15],"jetpack_featured_media_url":"https:\/\/www.legambientevda.it\/wp-content\/uploads\/2024\/03\/Col-Ranzola.jpg","jetpack_sharing_enabled":true,"jetpack_shortlink":"https:\/\/wp.me\/p76AmJ-p0","jetpack-related-posts":[{"id":226,"url":"https:\/\/www.legambientevda.it\/index.php\/2009\/12\/03\/unaltra-strada-per-la-montagna-convegno-su-paesaggio-agricoltura-ed-ed-economia\/","url_meta":{"origin":1550,"position":0},"title":"Un&#8217;altra strada per la montagna? Convegno su paesaggio, agricoltura ed ed economia","author":"adminvda","date":"3 Dicembre 2009","format":false,"excerpt":"Saint Christophe, 3 dicembre 2009 A nome delle associazioni promotrici di questo convegno ringraziamo i presenti, i patrocinanti (architetti e agronomi) e i relatori che presento velocemente con i titoli delle rispettive comunicazioni Da sempre gli ambientalisti valdostani guardano alla vicina Svizzera con interesse e spesso con invidia, non solo\u2026","rel":"","context":"In &quot;Senza categoria&quot;","block_context":{"text":"Senza categoria","link":"https:\/\/www.legambientevda.it\/index.php\/category\/senza-categoria\/"},"img":{"alt_text":"","src":"","width":0,"height":0},"classes":[]},{"id":1565,"url":"https:\/\/www.legambientevda.it\/index.php\/2024\/06\/10\/escursione-al-col-ranzola-sabato-15-giugno-partecipa\/","url_meta":{"origin":1550,"position":1},"title":"ESCURSIONE AL COL RANZOLA\u00a0SABATO 14 SETTEMBRE. PARTECIPA!","author":"adminvda","date":"10 Giugno 2024","format":false,"excerpt":"Legambiente, come \u00e8 noto, ha assegnato una delle due Bandiere Nere valdostane dell\u2019edizione 2024 di Carovana delle Alpi al progetto di collegamento intervallivo del Col Ranzola. Destinatari della nota di demerito sono, in particolare, i sindaci dei due Comuni interessati, Gressoney-Saint-Jean e Brusson. Anche in questa occasione, come gi\u00e0 avvenuto\u2026","rel":"","context":"In &quot;comunicato stampa&quot;","block_context":{"text":"comunicato stampa","link":"https:\/\/www.legambientevda.it\/index.php\/category\/comunicato-stampa\/"},"img":{"alt_text":"","src":"","width":0,"height":0},"classes":[]},{"id":1592,"url":"https:\/\/www.legambientevda.it\/index.php\/2024\/09\/19\/sopralluogo-al-col-ranzola\/","url_meta":{"origin":1550,"position":2},"title":"SOPRALLUOGO AL COL RANZOLA","author":"adminvda","date":"19 Settembre 2024","format":false,"excerpt":"Sabato 14 settembre, sfidando le particolari condizioni meteo per giornata di freddo e vento, insieme ad una trentina di soci, di simpatizzanti e di semplici curiosi, Legambiente ha condotto un sopralluogo al Col Ranzola. Lungo il percorso sono state fatte delle tappe per osservare l\u2019orografia dei luoghi e mettere a\u2026","rel":"","context":"In &quot;azioni di salvaguardia&quot;","block_context":{"text":"azioni di salvaguardia","link":"https:\/\/www.legambientevda.it\/index.php\/category\/azioni-di-salvaguardia\/"},"img":{"alt_text":"","src":"https:\/\/i0.wp.com\/www.legambientevda.it\/wp-content\/uploads\/2024\/09\/PHOTO-2024-09-14-15-41-40.jpeg?resize=350%2C200&ssl=1","width":350,"height":200,"srcset":"https:\/\/i0.wp.com\/www.legambientevda.it\/wp-content\/uploads\/2024\/09\/PHOTO-2024-09-14-15-41-40.jpeg?resize=350%2C200&ssl=1 1x, https:\/\/i0.wp.com\/www.legambientevda.it\/wp-content\/uploads\/2024\/09\/PHOTO-2024-09-14-15-41-40.jpeg?resize=525%2C300&ssl=1 1.5x, https:\/\/i0.wp.com\/www.legambientevda.it\/wp-content\/uploads\/2024\/09\/PHOTO-2024-09-14-15-41-40.jpeg?resize=700%2C400&ssl=1 2x, https:\/\/i0.wp.com\/www.legambientevda.it\/wp-content\/uploads\/2024\/09\/PHOTO-2024-09-14-15-41-40.jpeg?resize=1050%2C600&ssl=1 3x"},"classes":[]},{"id":364,"url":"https:\/\/www.legambientevda.it\/index.php\/2016\/08\/08\/ecco-le-bandiere-di-carovana-delle-alpi-2016\/","url_meta":{"origin":1550,"position":3},"title":"ECCO LE BANDIERE DI CAROVANA DELLE ALPI 2016","author":"adminvda","date":"8 Agosto 2016","format":false,"excerpt":"Carovana delle Alpi 2016 di Legambiente assegna undici bandiere verdi e otto nere in tutto l\u2019arco alpino Aumentano le realt\u00e0 virtuose che valorizzano la montagna con pratiche ecosostenibili, ma i \u201cpirati\u201d della montagna continuano a fare razzie nel patrimonio culturale, paesaggistico e architettonico Anche quest\u2019anno la Carovana delle Alpi di\u2026","rel":"","context":"In &quot;comunicati nazionali&quot;","block_context":{"text":"comunicati nazionali","link":"https:\/\/www.legambientevda.it\/index.php\/category\/comunicati-nazionali\/"},"img":{"alt_text":"","src":"https:\/\/i0.wp.com\/www.legambientevda.it\/wp-content\/uploads\/2016\/05\/IMG_1959.jpg?resize=350%2C200&ssl=1","width":350,"height":200,"srcset":"https:\/\/i0.wp.com\/www.legambientevda.it\/wp-content\/uploads\/2016\/05\/IMG_1959.jpg?resize=350%2C200&ssl=1 1x, https:\/\/i0.wp.com\/www.legambientevda.it\/wp-content\/uploads\/2016\/05\/IMG_1959.jpg?resize=525%2C300&ssl=1 1.5x"},"classes":[]},{"id":1450,"url":"https:\/\/www.legambientevda.it\/index.php\/2023\/03\/03\/ciclabile-in-via-carducci-lettera-aperta-alla-soprintendenza-ai-beni-culturali\/","url_meta":{"origin":1550,"position":4},"title":"CICLABILE IN VIA CARDUCCI : LETTERA APERTA ALLA SOPRINTENDENZA AI BENI CULTURALI.","author":"adminvda","date":"3 Marzo 2023","format":false,"excerpt":"Lo scorso autunno\u00a0 avevamo espresso soddisfazione\u00a0 per essere riusciti a salvare dal taglio i pioppi lungo via Carducci (lungo ferrovia) all\u2019altezza delle mura romane. In quella zona infatti verr\u00e0 finalmente costruito un tratto di pista ciclabile. Avevamo concordato con il Comune il passaggio qualche metro all\u2019interno dell\u2019area verde, in modo\u2026","rel":"","context":"In &quot;azioni di salvaguardia&quot;","block_context":{"text":"azioni di salvaguardia","link":"https:\/\/www.legambientevda.it\/index.php\/category\/azioni-di-salvaguardia\/"},"img":{"alt_text":"","src":"https:\/\/i0.wp.com\/www.legambientevda.it\/wp-content\/uploads\/2023\/03\/ortofoto-ciclabile.png?resize=350%2C200&ssl=1","width":350,"height":200,"srcset":"https:\/\/i0.wp.com\/www.legambientevda.it\/wp-content\/uploads\/2023\/03\/ortofoto-ciclabile.png?resize=350%2C200&ssl=1 1x, https:\/\/i0.wp.com\/www.legambientevda.it\/wp-content\/uploads\/2023\/03\/ortofoto-ciclabile.png?resize=525%2C300&ssl=1 1.5x, https:\/\/i0.wp.com\/www.legambientevda.it\/wp-content\/uploads\/2023\/03\/ortofoto-ciclabile.png?resize=700%2C400&ssl=1 2x, https:\/\/i0.wp.com\/www.legambientevda.it\/wp-content\/uploads\/2023\/03\/ortofoto-ciclabile.png?resize=1050%2C600&ssl=1 3x"},"classes":[]},{"id":701,"url":"https:\/\/www.legambientevda.it\/index.php\/2018\/10\/30\/alpe-devero-e-cime-bianche-due-gioielli-naturalistici-minacciati-da-progetti-devastanti-agisci-subito\/","url_meta":{"origin":1550,"position":5},"title":"ALPE DEVERO E CIME BIANCHE: DUE GIOIELLI NATURALISTICI MINACCIATI DA PROGETTI DEVASTANTI. AGISCI SUBITO!","author":"adminvda","date":"30 Ottobre 2018","format":false,"excerpt":"Pubblichiamo volentieri questo appello del Comitato Tutela Devero, a sostegno della petizione popolare che ha gi\u00e0 raccolto decine di migliaia di firme per la tutela del sito, minacciato da un piano di infrastrutturazione turistica che ne stravolgerebbe irrimediabilmente la bellezza e gli equilibri. Le battaglie per la tutela di Alpe\u2026","rel":"","context":"In &quot;azioni di salvaguardia&quot;","block_context":{"text":"azioni di salvaguardia","link":"https:\/\/www.legambientevda.it\/index.php\/category\/azioni-di-salvaguardia\/"},"img":{"alt_text":"","src":"https:\/\/i0.wp.com\/www.legambientevda.it\/wp-content\/uploads\/2018\/10\/image.png?resize=350%2C200&ssl=1","width":350,"height":200,"srcset":"https:\/\/i0.wp.com\/www.legambientevda.it\/wp-content\/uploads\/2018\/10\/image.png?resize=350%2C200&ssl=1 1x, https:\/\/i0.wp.com\/www.legambientevda.it\/wp-content\/uploads\/2018\/10\/image.png?resize=525%2C300&ssl=1 1.5x, https:\/\/i0.wp.com\/www.legambientevda.it\/wp-content\/uploads\/2018\/10\/image.png?resize=700%2C400&ssl=1 2x, https:\/\/i0.wp.com\/www.legambientevda.it\/wp-content\/uploads\/2018\/10\/image.png?resize=1050%2C600&ssl=1 3x, https:\/\/i0.wp.com\/www.legambientevda.it\/wp-content\/uploads\/2018\/10\/image.png?resize=1400%2C800&ssl=1 4x"},"classes":[]}],"jetpack_likes_enabled":true,"_links":{"self":[{"href":"https:\/\/www.legambientevda.it\/index.php\/wp-json\/wp\/v2\/posts\/1550"}],"collection":[{"href":"https:\/\/www.legambientevda.it\/index.php\/wp-json\/wp\/v2\/posts"}],"about":[{"href":"https:\/\/www.legambientevda.it\/index.php\/wp-json\/wp\/v2\/types\/post"}],"author":[{"embeddable":true,"href":"https:\/\/www.legambientevda.it\/index.php\/wp-json\/wp\/v2\/users\/1"}],"replies":[{"embeddable":true,"href":"https:\/\/www.legambientevda.it\/index.php\/wp-json\/wp\/v2\/comments?post=1550"}],"version-history":[{"count":1,"href":"https:\/\/www.legambientevda.it\/index.php\/wp-json\/wp\/v2\/posts\/1550\/revisions"}],"predecessor-version":[{"id":1552,"href":"https:\/\/www.legambientevda.it\/index.php\/wp-json\/wp\/v2\/posts\/1550\/revisions\/1552"}],"wp:featuredmedia":[{"embeddable":true,"href":"https:\/\/www.legambientevda.it\/index.php\/wp-json\/wp\/v2\/media\/1551"}],"wp:attachment":[{"href":"https:\/\/www.legambientevda.it\/index.php\/wp-json\/wp\/v2\/media?parent=1550"}],"wp:term":[{"taxonomy":"category","embeddable":true,"href":"https:\/\/www.legambientevda.it\/index.php\/wp-json\/wp\/v2\/categories?post=1550"},{"taxonomy":"post_tag","embeddable":true,"href":"https:\/\/www.legambientevda.it\/index.php\/wp-json\/wp\/v2\/tags?post=1550"}],"curies":[{"name":"wp","href":"https:\/\/api.w.org\/{rel}","templated":true}]}}