{"id":1502,"date":"2023-09-17T17:05:51","date_gmt":"2023-09-17T15:05:51","guid":{"rendered":"http:\/\/www.legambientevda.it\/?p=1502"},"modified":"2023-10-27T12:06:54","modified_gmt":"2023-10-27T10:06:54","slug":"save-the-planet-legambiente-in-piazza-con-amnesty-international-aosta-piazza-e-chanoux-sabato-23-settembre-ore-18-15","status":"publish","type":"post","link":"https:\/\/www.legambientevda.it\/index.php\/2023\/09\/17\/save-the-planet-legambiente-in-piazza-con-amnesty-international-aosta-piazza-e-chanoux-sabato-23-settembre-ore-18-15\/","title":{"rendered":"SAVE THE PLANET! LEGAMBIENTE IN PIAZZA CON AMNESTY INTERNATIONAL AOSTA- PIAZZA E. CHANOUX-SABATO 23 SETTEMBRE ORE 18.15"},"content":{"rendered":"\n<p><img decoding=\"async\" loading=\"lazy\" class=\"alignnone size-medium wp-image-1503\" src=\"http:\/\/www.legambientevda.it\/wp-content\/uploads\/2023\/09\/Legamb-Amnesty-300x250.jpeg\" alt=\"\" width=\"300\" height=\"250\" srcset=\"https:\/\/www.legambientevda.it\/wp-content\/uploads\/2023\/09\/Legamb-Amnesty-300x250.jpeg 300w, https:\/\/www.legambientevda.it\/wp-content\/uploads\/2023\/09\/Legamb-Amnesty.jpeg 819w\" sizes=\"(max-width: 300px) 100vw, 300px\" \/><\/p>\n\n\n\n<p><em>Il<\/em> tema della violazione dei diritti umani legati ai cambiamenti climatici \u00e8 di grande attualit\u00e0 perch\u00e9 eventi meteorologici estremi e crisi a insorgenza\u00a0lenta, come la siccit\u00e0, rese pi\u00f9 frequenti e pi\u00f9 gravi dai cambiamenti climatici, stanno danneggiando milioni di persone in tutto il mondo e in particolare nel continente africano.<\/p>\n<p>Dobbiamo continuare ad opporci all&#8217;immobilismo e al negazionismo che, purtroppoo, aleggiano intorno a questi temi.<\/p>\n<p>Facciamoci sentire!<\/p>\n<p>Sabato 23 settembre, partecipa al Flash-mob organizzato dal Gruppo \u201cItalia 101 \u2013 Valle d\u2019Aosta\u201d di Amnesty International \u2013 Italia, in collaborazione con Legambiente Valle d\u2019Aosta e il gruppo musicale dei Tamtando.<\/p>\n\n\n","protected":false},"excerpt":{"rendered":"<p>Il tema della violazione dei diritti umani legati ai cambiamenti climatici \u00e8 di grande attualit\u00e0 perch\u00e9 eventi meteorologici estremi e crisi a insorgenza\u00a0lenta, come la siccit\u00e0, rese pi\u00f9 frequenti e pi\u00f9 gravi dai cambiamenti climatici, stanno danneggiando milioni di persone in tutto il mondo e in particolare nel continente africano. Dobbiamo continuare ad opporci all&#8217;immobilismo &hellip; <a href=\"https:\/\/www.legambientevda.it\/index.php\/2023\/09\/17\/save-the-planet-legambiente-in-piazza-con-amnesty-international-aosta-piazza-e-chanoux-sabato-23-settembre-ore-18-15\/\" class=\"more-link\">Continua la lettura di <span class=\"screen-reader-text\">SAVE THE PLANET! LEGAMBIENTE IN PIAZZA CON AMNESTY INTERNATIONAL AOSTA- PIAZZA E. CHANOUX-SABATO 23 SETTEMBRE ORE 18.15<\/span> <span class=\"meta-nav\">&rarr;<\/span><\/a><\/p>\n","protected":false},"author":1,"featured_media":1503,"comment_status":"closed","ping_status":"open","sticky":false,"template":"","format":"standard","meta":{"jetpack_post_was_ever_published":false,"_jetpack_newsletter_access":"","footnotes":""},"categories":[27],"tags":[92],"jetpack_featured_media_url":"https:\/\/www.legambientevda.it\/wp-content\/uploads\/2023\/09\/Legamb-Amnesty.jpeg","jetpack_sharing_enabled":true,"jetpack_shortlink":"https:\/\/wp.me\/p76AmJ-oe","jetpack-related-posts":[{"id":1249,"url":"https:\/\/www.legambientevda.it\/index.php\/2021\/09\/08\/la-carovana-dei-ghiacciai-di-legambiente-dall8-al-13-settembre\/","url_meta":{"origin":1502,"position":0},"title":"La Carovana dei Ghiacciai di Legambiente dall\u20198 al 13 settembre","author":"adminvda","date":"8 Settembre 2021","format":false,"excerpt":"in Piemonte e Valle D\u2019Aosta per monitorare i ghiacciai del Gran Paradiso Monitoraggi, escursioni e momenti culturali le iniziative al centro della quinta tappa per riflettere insieme sul futuro delle nostre montagne e del nostro pianeta Dall\u20198 al 13 settembre la seconda edizione di Carovana dei Ghiacciai, la campagna promossa\u2026","rel":"","context":"In &quot;comunicati nazionali&quot;","block_context":{"text":"comunicati nazionali","link":"https:\/\/www.legambientevda.it\/index.php\/category\/comunicati-nazionali\/"},"img":{"alt_text":"","src":"https:\/\/i0.wp.com\/www.legambientevda.it\/wp-content\/uploads\/2021\/09\/Logo-Carovana-Ghiacciai.jpg?resize=350%2C200","width":350,"height":200},"classes":[]},{"id":1372,"url":"https:\/\/www.legambientevda.it\/index.php\/2022\/08\/10\/carovana-dei-ghiacciai-2022-il-comunicato-nazionale\/","url_meta":{"origin":1502,"position":1},"title":"Carovana dei Ghiacciai 2022 il comunicato nazionale","author":"adminvda","date":"10 Agosto 2022","format":false,"excerpt":"Al via la terza edizione della campagna di Legambiente con la collaborazione del Comitato Glaciologico Italiano per monitorare la drammatica regressione dei ghiacciai a causa della crisi climatica\u00a0 Ghiacciai alpini si riducono a ritmo inimmaginabile, pi\u00f9 di 200 gi\u00e0 scomparsi\u00a0 Dal 17 agosto al 3 settembre, un viaggio in 5\u2026","rel":"","context":"In &quot;azioni di salvaguardia&quot;","block_context":{"text":"azioni di salvaguardia","link":"https:\/\/www.legambientevda.it\/index.php\/category\/azioni-di-salvaguardia\/"},"img":{"alt_text":"","src":"https:\/\/i0.wp.com\/www.legambientevda.it\/wp-content\/uploads\/2021\/09\/Logo-Carovana-Ghiacciai.jpg?resize=350%2C200&ssl=1","width":350,"height":200},"classes":[]},{"id":134,"url":"https:\/\/www.legambientevda.it\/index.php\/2016\/03\/26\/ferrovia-aosta-pre-st-didier-uno-scandalo-che-deve-finire-legambiente-plaude-alliniziativa-di-federconsumatori\/","url_meta":{"origin":1502,"position":2},"title":"Ferrovia Aosta &#8211; Pr\u00e9-St-Didier: uno scandalo che deve finire . Legambiente plaude all&#8217;iniziativa di Federconsumatori","author":"adminvda","date":"26 Marzo 2016","format":false,"excerpt":"Legambiente Valle d'Aosta apprezza l'intelligente iniziativa di Federconsumatori che ha chiesto a Regione, RFI, Ministero dei Trasporti e Ministero delle Finanze di scoprire il loro gioco. \"La richiesta di accedere agli atti relativi al passaggio di competenze sulla ferrovia dallo Stato alla Regione autonoma - ha dichiarato la presidente Alessandra\u2026","rel":"","context":"In &quot;comunicato stampa&quot;","block_context":{"text":"comunicato stampa","link":"https:\/\/www.legambientevda.it\/index.php\/category\/comunicato-stampa\/"},"img":{"alt_text":"","src":"https:\/\/i0.wp.com\/www.legambientevda.it\/wp-content\/uploads\/2016\/01\/12313825_10153610495916609_1966153643130612237_n-300x201.jpg?resize=350%2C200","width":350,"height":200},"classes":[]},{"id":1362,"url":"https:\/\/www.legambientevda.it\/index.php\/2022\/07\/28\/un-problema-importante-per-la-comunita-valdostana-la-caccia-ai-relitti-artici\/","url_meta":{"origin":1502,"position":3},"title":"UN PROBLEMA IMPORTANTE PER LA COMUNITA\u2019 VALDOSTANA : la caccia ai relitti artici","author":"adminvda","date":"28 Luglio 2022","format":false,"excerpt":"Comunicato stampa congiunto del Comitato Interregionale Legambiente Piemonte e Valle d'Aosta e del Circolo valdostano L\u2019odierna seduta del Consiglio regionale valdostano vedr\u00e0 la discussione di una mozione della Lega che affronta un angosciante problema per la comunit\u00e0 locale. Forse che gli otto consiglieri leghisti firmatari portano all\u2019attenzione dell\u2019aula il tema\u2026","rel":"","context":"In &quot;comunicato stampa&quot;","block_context":{"text":"comunicato stampa","link":"https:\/\/www.legambientevda.it\/index.php\/category\/comunicato-stampa\/"},"img":{"alt_text":"","src":"","width":0,"height":0},"classes":[]},{"id":462,"url":"https:\/\/www.legambientevda.it\/index.php\/2017\/05\/01\/eliski-motore-o-freno-per-il-turismo-di-montagnaun-convegno-aperto-per-discuterne\/","url_meta":{"origin":1502,"position":4},"title":"\u201cELISKI: MOTORE O FRENO PER IL TURISMO DI MONTAGNA?\u201dUN CONVEGNO APERTO PER DISCUTERNE","author":"adminvda","date":"1 Maggio 2017","format":false,"excerpt":"SABATO 6 MAGGIO 2017 dalle ore 14.30 alle ore 18.30 Saint Christophe (Aosta) Sala Conferenze della Biblioteca comunale, Localit\u00e0 Chef Lieu 4 Sabato 6 Maggio 2017, presso la Sala Conferenze della Biblioteca Comunale di Saint Christophe, si terr\u00e0 un Convegno sull\u2019Eliski, il cui obiettivo \u00e8 promuovere una riflessione e un\u2026","rel":"","context":"In &quot;iniziative sul territorio&quot;","block_context":{"text":"iniziative sul territorio","link":"https:\/\/www.legambientevda.it\/index.php\/category\/iniziative-sul-territorio\/"},"img":{"alt_text":"","src":"https:\/\/i0.wp.com\/www.legambientevda.it\/wp-content\/uploads\/2017\/05\/0001.jpg?resize=350%2C200&ssl=1","width":350,"height":200,"srcset":"https:\/\/i0.wp.com\/www.legambientevda.it\/wp-content\/uploads\/2017\/05\/0001.jpg?resize=350%2C200&ssl=1 1x, https:\/\/i0.wp.com\/www.legambientevda.it\/wp-content\/uploads\/2017\/05\/0001.jpg?resize=525%2C300&ssl=1 1.5x, https:\/\/i0.wp.com\/www.legambientevda.it\/wp-content\/uploads\/2017\/05\/0001.jpg?resize=700%2C400&ssl=1 2x"},"classes":[]},{"id":1710,"url":"https:\/\/www.legambientevda.it\/index.php\/2025\/10\/02\/arriva-in-valle-daosta-fame-di-verita-e-giustizia-iniziative-di-libera-e-legambiente-sabato-4-ottobre\/","url_meta":{"origin":1502,"position":5},"title":"Arriva in Valle D\u2019Aosta \u201cFame di verit\u00e0 e giustizia\u201d.Iniziative di Libera e Legambiente sabato 4 ottobre.","author":"adminvda","date":"2 Ottobre 2025","format":false,"excerpt":"Arriva in Valle D\u2019Aosta \u201cFame di verit\u00e0 e giustizia\u201d, un viaggio a 30 anni dalla nascita di Libera e della sua rete associativa,\u00a0che attraversa il Paese, da Nord a Sud e in Europa con iniziative, flash mob, laboratori, assemblee, speaker corner e azioni di denuncia\u00a0per animare il dibattito pubblico con\u2026","rel":"","context":"In &quot;comunicato stampa&quot;","block_context":{"text":"comunicato stampa","link":"https:\/\/www.legambientevda.it\/index.php\/category\/comunicato-stampa\/"},"img":{"alt_text":"","src":"https:\/\/i0.wp.com\/www.legambientevda.it\/wp-content\/uploads\/2025\/10\/Tappa-citta\u0300-1.png?resize=350%2C200&ssl=1","width":350,"height":200,"srcset":"https:\/\/i0.wp.com\/www.legambientevda.it\/wp-content\/uploads\/2025\/10\/Tappa-citta\u0300-1.png?resize=350%2C200&ssl=1 1x, https:\/\/i0.wp.com\/www.legambientevda.it\/wp-content\/uploads\/2025\/10\/Tappa-citta\u0300-1.png?resize=525%2C300&ssl=1 1.5x, https:\/\/i0.wp.com\/www.legambientevda.it\/wp-content\/uploads\/2025\/10\/Tappa-citta\u0300-1.png?resize=700%2C400&ssl=1 2x"},"classes":[]}],"jetpack_likes_enabled":true,"_links":{"self":[{"href":"https:\/\/www.legambientevda.it\/index.php\/wp-json\/wp\/v2\/posts\/1502"}],"collection":[{"href":"https:\/\/www.legambientevda.it\/index.php\/wp-json\/wp\/v2\/posts"}],"about":[{"href":"https:\/\/www.legambientevda.it\/index.php\/wp-json\/wp\/v2\/types\/post"}],"author":[{"embeddable":true,"href":"https:\/\/www.legambientevda.it\/index.php\/wp-json\/wp\/v2\/users\/1"}],"replies":[{"embeddable":true,"href":"https:\/\/www.legambientevda.it\/index.php\/wp-json\/wp\/v2\/comments?post=1502"}],"version-history":[{"count":1,"href":"https:\/\/www.legambientevda.it\/index.php\/wp-json\/wp\/v2\/posts\/1502\/revisions"}],"predecessor-version":[{"id":1504,"href":"https:\/\/www.legambientevda.it\/index.php\/wp-json\/wp\/v2\/posts\/1502\/revisions\/1504"}],"wp:featuredmedia":[{"embeddable":true,"href":"https:\/\/www.legambientevda.it\/index.php\/wp-json\/wp\/v2\/media\/1503"}],"wp:attachment":[{"href":"https:\/\/www.legambientevda.it\/index.php\/wp-json\/wp\/v2\/media?parent=1502"}],"wp:term":[{"taxonomy":"category","embeddable":true,"href":"https:\/\/www.legambientevda.it\/index.php\/wp-json\/wp\/v2\/categories?post=1502"},{"taxonomy":"post_tag","embeddable":true,"href":"https:\/\/www.legambientevda.it\/index.php\/wp-json\/wp\/v2\/tags?post=1502"}],"curies":[{"name":"wp","href":"https:\/\/api.w.org\/{rel}","templated":true}]}}