{"id":1445,"date":"2023-02-20T23:12:22","date_gmt":"2023-02-20T22:12:22","guid":{"rendered":"http:\/\/www.legambientevda.it\/?p=1445"},"modified":"2023-03-03T22:00:38","modified_gmt":"2023-03-03T21:00:38","slug":"sprechi-sottozero-buone-pratiche-per-risparmiare-energia-in-casa","status":"publish","type":"post","link":"https:\/\/www.legambientevda.it\/index.php\/2023\/02\/20\/sprechi-sottozero-buone-pratiche-per-risparmiare-energia-in-casa\/","title":{"rendered":"SPRECHI SOTTOZERO! BUONE PRATICHE PER RISPARMIARE ENERGIA IN CASA."},"content":{"rendered":"\n<p><span class=\"\"><strong>Sabato 25 febbraio\u00a0 presso la bocciofila del Quartiere Cogne alle ore 15,<\/strong> il Circolo Legambiente Valle d\u2019Aosta insieme allo <\/span><b class=\"\">Sportello Energia\u00a0<\/b><span class=\"\"><b class=\"\">di Legambiente PiemonteVda<\/b> (sportello nato nell&#8217;ambito del progetto LIFE Climation\u00a0<\/span><a id=\"m_-3555405854911252950LPlnkOWALinkPreview\" class=\"\" href=\"https:\/\/www.lifeclimaction.eu\/\" target=\"_blank\" rel=\"noopener\">https:\/\/www.lifeclimaction.eu\/<\/a><span class=\"\">) ha programmato un\u2019attivit\u00e0 aperta a tutti i cittadini sulle buone pratiche domestiche legate al risparmio energetico.<\/span><\/p>\n<div>\n<div class=\"\">\n<div class=\"\">\n<div class=\"\"><span class=\"\">Legambiente si occuper\u00e0 quindi di dialogare con la popolazione sul risparmio energetico\u00a0che ogni singolo cittadino pu\u00f2 mettere in atto tra le mura domestiche. I<\/span><span class=\"\">l taglio della bolletta avviene infatti su due fronti, sia attraverso opere straordinarie strutturali, come quelle di\u00a0<\/span><span class=\"\">riqualificazione energetica,\u00a0<\/span><span class=\"\">sia attraverso la consapevolezza dei consumi<\/span><span class=\"\" style=\"font-family: ArialMT;\">\u2026<\/span><\/div>\n<\/div>\n<\/div>\n<\/div>\n<div class=\"\">\u00a0<\/div>\n<div><img decoding=\"async\" loading=\"lazy\" class=\"alignnone size-medium wp-image-1446\" src=\"http:\/\/www.legambientevda.it\/wp-content\/uploads\/2023\/02\/WhatsApp-Image-2023-02-20-at-11.21.26-212x300.jpeg\" alt=\"\" width=\"212\" height=\"300\" srcset=\"https:\/\/www.legambientevda.it\/wp-content\/uploads\/2023\/02\/WhatsApp-Image-2023-02-20-at-11.21.26-212x300.jpeg 212w, https:\/\/www.legambientevda.it\/wp-content\/uploads\/2023\/02\/WhatsApp-Image-2023-02-20-at-11.21.26.jpeg 452w\" sizes=\"(max-width: 212px) 100vw, 212px\" \/><\/div>\n\n\n\n\n\n\n","protected":false},"excerpt":{"rendered":"<p>Sabato 25 febbraio\u00a0 presso la bocciofila del Quartiere Cogne alle ore 15, il Circolo Legambiente Valle d\u2019Aosta insieme allo Sportello Energia\u00a0di Legambiente PiemonteVda (sportello nato nell&#8217;ambito del progetto LIFE Climation\u00a0https:\/\/www.lifeclimaction.eu\/) ha programmato un\u2019attivit\u00e0 aperta a tutti i cittadini sulle buone pratiche domestiche legate al risparmio energetico. Legambiente si occuper\u00e0 quindi di dialogare con la popolazione &hellip; <a href=\"https:\/\/www.legambientevda.it\/index.php\/2023\/02\/20\/sprechi-sottozero-buone-pratiche-per-risparmiare-energia-in-casa\/\" class=\"more-link\">Continua la lettura di <span class=\"screen-reader-text\">SPRECHI SOTTOZERO! BUONE PRATICHE PER RISPARMIARE ENERGIA IN CASA.<\/span> <span class=\"meta-nav\">&rarr;<\/span><\/a><\/p>\n","protected":false},"author":1,"featured_media":1446,"comment_status":"closed","ping_status":"open","sticky":false,"template":"","format":"standard","meta":{"jetpack_post_was_ever_published":false,"_jetpack_newsletter_access":"","footnotes":""},"categories":[27],"tags":[24],"jetpack_featured_media_url":"https:\/\/www.legambientevda.it\/wp-content\/uploads\/2023\/02\/WhatsApp-Image-2023-02-20-at-11.21.26.jpeg","jetpack_sharing_enabled":true,"jetpack_shortlink":"https:\/\/wp.me\/p76AmJ-nj","jetpack-related-posts":[{"id":458,"url":"https:\/\/www.legambientevda.it\/index.php\/2017\/04\/20\/legambiente-a-maison-et-loisir-per-parlare-di-sostenibilita-ambientale-nei-condomini\/","url_meta":{"origin":1445,"position":0},"title":"LEGAMBIENTE A MAISON ET LOISIR PER PARLARE DI SOSTENIBILITA&#8217; AMBIENTALE NEI CONDOMINI","author":"adminvda","date":"20 Aprile 2017","format":false,"excerpt":"Luned\u00ec 24 aprile dalle ore 10 alle ore 13 Sala Conferenze \u2013 Maison&loisir \u201cCIVICO 5.0: LA SOSTENIBILITA\u2019 E L\u2019EFFICIENZA ENERGETICA NEI CONDOMINI\u201d PROGRAMMA DEI LAVORI H 10: Registrazione dei partecipanti (per i prenotati) H 10.15: apertura dei lavori. Saluto dell\u2019Assessore alle Attivit\u00e0 Produttive, Energia, Politichedel Lavoro e Ambiente, Fabrizio Roscio.\u2026","rel":"","context":"In &quot;iniziative sul territorio&quot;","block_context":{"text":"iniziative sul territorio","link":"https:\/\/www.legambientevda.it\/index.php\/category\/iniziative-sul-territorio\/"},"img":{"alt_text":"","src":"https:\/\/i0.wp.com\/www.legambientevda.it\/wp-content\/uploads\/2017\/04\/3be82c_a2f5ccf2d34f449a88b629f5c3aa995bmv2-300x270.jpg?resize=350%2C200","width":350,"height":200},"classes":[]},{"id":1471,"url":"https:\/\/www.legambientevda.it\/index.php\/2023\/04\/24\/legambiente-a-maison-loisir-venerdi-28-aprile-alle-0re-21-la-casa-smart-per-la-salute-la-sicurezza-e-il-risparmio\/","url_meta":{"origin":1445,"position":1},"title":"LEGAMBIENTE A MAISON &#038; LOISIR VENERDI&#8217; 28 APRILE ALLE 0RE 21 : LA CASA SMART PER LA SALUTE, LA SICUREZZA E IL RISPARMIO.","author":"adminvda","date":"24 Aprile 2023","format":false,"excerpt":"Anche quest\u2019anno il nostro Circolo ha dato la disponibilit\u00e0 ad organizzare un momento divulgativo all\u2019interno di Maison&Loisir, che riparte dopo gli anni di stop per la pandemia. Per l\u2019occasione portiamo ad Aosta esperti del settore della domotica, per coniugare sostenibilit\u00e0, risparmio e nuove tecnologie (vedi locandin La conferenza si svolger\u00e0\u2026","rel":"","context":"In &quot;informazione&quot;","block_context":{"text":"informazione","link":"https:\/\/www.legambientevda.it\/index.php\/category\/informazione\/"},"img":{"alt_text":"","src":"","width":0,"height":0},"classes":[]},{"id":336,"url":"https:\/\/www.legambientevda.it\/index.php\/2016\/06\/23\/a-fenis-domenica-26-giugno-torna-la-festa-del-solstizio-legambiente-ce\/","url_meta":{"origin":1445,"position":2},"title":"A FENIS DOMENICA 26 GIUGNO TORNA LA FESTA DEL SOLSTIZIO: LEGAMBIENTE C&#8217;E&#8217;!","author":"adminvda","date":"23 Giugno 2016","format":false,"excerpt":"Anche quest'anno oltre 40 associazioni daranno vita a Fenis il 26 giugno prossimo all'ormai tradizionale FESTA DEL SOLSTIZIO-C'E' ARIA DI CAMBIAMENTO. L'iniziativa si svolger\u00e0 nell'area Tsant\u00e9 de Bouva dalle ore 10b alle ore 18. Legambiente Valle d'Aosta sar\u00e0 presente e proporr\u00e0 riflessioni e attivit\u00e0 sul tema della mobilit\u00e0 sostenibile, del\u2026","rel":"","context":"In &quot;iniziative sul territorio&quot;","block_context":{"text":"iniziative sul territorio","link":"https:\/\/www.legambientevda.it\/index.php\/category\/iniziative-sul-territorio\/"},"img":{"alt_text":"","src":"https:\/\/i0.wp.com\/www.legambientevda.it\/wp-content\/uploads\/2016\/06\/Solstizio-1.jpg?resize=350%2C200&ssl=1","width":350,"height":200,"srcset":"https:\/\/i0.wp.com\/www.legambientevda.it\/wp-content\/uploads\/2016\/06\/Solstizio-1.jpg?resize=350%2C200&ssl=1 1x, https:\/\/i0.wp.com\/www.legambientevda.it\/wp-content\/uploads\/2016\/06\/Solstizio-1.jpg?resize=525%2C300&ssl=1 1.5x, https:\/\/i0.wp.com\/www.legambientevda.it\/wp-content\/uploads\/2016\/06\/Solstizio-1.jpg?resize=700%2C400&ssl=1 2x, https:\/\/i0.wp.com\/www.legambientevda.it\/wp-content\/uploads\/2016\/06\/Solstizio-1.jpg?resize=1050%2C600&ssl=1 3x, https:\/\/i0.wp.com\/www.legambientevda.it\/wp-content\/uploads\/2016\/06\/Solstizio-1.jpg?resize=1400%2C800&ssl=1 4x"},"classes":[]},{"id":494,"url":"https:\/\/www.legambientevda.it\/index.php\/2017\/05\/29\/luci-della-citta-quando-i-led-accendono-la-notte-e-spengono-le-stelle\/","url_meta":{"origin":1445,"position":3},"title":"LUCI DELLA CITTA&#8217; : quando i LED accendono la notte e spengono le stelle","author":"adminvda","date":"29 Maggio 2017","format":false,"excerpt":"Legambiente Valle d'Aosta, in collaborazione con l'Associazione Cielobuio e il patrocinio del Comune di Aosta, organizza un incontro pubblico sul tema dell'illuminazione a LED. AOSTA - 30 MAGGIO 2017 ORE 18 - HOTEL DES ETATS LUCI DELLA CITTA' quando i LED accendono la notte e spengono le stelle. Nuove tecnologie,\u2026","rel":"","context":"In &quot;informazione&quot;","block_context":{"text":"informazione","link":"https:\/\/www.legambientevda.it\/index.php\/category\/informazione\/"},"img":{"alt_text":"","src":"https:\/\/i0.wp.com\/www.legambientevda.it\/wp-content\/uploads\/2017\/05\/LOCANDINA-Serata-LED.jpg?resize=350%2C200&ssl=1","width":350,"height":200},"classes":[]},{"id":141,"url":"https:\/\/www.legambientevda.it\/index.php\/2016\/02\/15\/19-febbraio-millumino-di-meno-2016-3\/","url_meta":{"origin":1445,"position":4},"title":"19 febbraio &#8211; M\u2019illumino di meno 2016","author":"adminvda","date":"15 Febbraio 2016","format":false,"excerpt":"Anche quest\u2019anno il Circolo Legambiente Valle d\u2019Aosta aderisce all\u2019iniziativa \u201cM\u2019illumino di meno\u201d, promossa dalla trasmissione radiofonica Caterpillar e giunta ormai alla 12\u00b0 edizione, con l\u2019intento di sensibilizzare l\u2019opinione pubblica sul Risparmio Energetico e la mobilit\u00e0 sostenibile. Le attivit\u00e0 degli ultimi mesi da noi svolte in tal senso ci hanno resi\u2026","rel":"","context":"In &quot;comunicato stampa&quot;","block_context":{"text":"comunicato stampa","link":"https:\/\/www.legambientevda.it\/index.php\/category\/comunicato-stampa\/"},"img":{"alt_text":"","src":"https:\/\/i0.wp.com\/www.legambientevda.it\/wp-content\/uploads\/2016\/02\/index.png?resize=350%2C200","width":350,"height":200},"classes":[]},{"id":1235,"url":"https:\/\/www.legambientevda.it\/index.php\/2021\/07\/15\/carovana-delle-alpi-2021-leggi-il-dossier-di-legambiente\/","url_meta":{"origin":1445,"position":5},"title":"carovana delle alpi 2021-leggi il dossier di legambiente!","author":"adminvda","date":"15 Luglio 2021","format":false,"excerpt":"Le bandiere di Carovana delle Alpi sono state assegnate su tutte le regioni dell'Arco Alpino. Leggi il dossier completo, per avere una rassegna delle buone pratiche e degli scempi che minacciano i nostri territori. Trovi tutto qui: https:\/\/www.legambiente.it\/campagna\/carovana-delle-alpi\/","rel":"","context":"In &quot;Dossiers nazionali&quot;","block_context":{"text":"Dossiers nazionali","link":"https:\/\/www.legambientevda.it\/index.php\/category\/dossiers-nazionali\/"},"img":{"alt_text":"","src":"","width":0,"height":0},"classes":[]}],"jetpack_likes_enabled":true,"_links":{"self":[{"href":"https:\/\/www.legambientevda.it\/index.php\/wp-json\/wp\/v2\/posts\/1445"}],"collection":[{"href":"https:\/\/www.legambientevda.it\/index.php\/wp-json\/wp\/v2\/posts"}],"about":[{"href":"https:\/\/www.legambientevda.it\/index.php\/wp-json\/wp\/v2\/types\/post"}],"author":[{"embeddable":true,"href":"https:\/\/www.legambientevda.it\/index.php\/wp-json\/wp\/v2\/users\/1"}],"replies":[{"embeddable":true,"href":"https:\/\/www.legambientevda.it\/index.php\/wp-json\/wp\/v2\/comments?post=1445"}],"version-history":[{"count":2,"href":"https:\/\/www.legambientevda.it\/index.php\/wp-json\/wp\/v2\/posts\/1445\/revisions"}],"predecessor-version":[{"id":1448,"href":"https:\/\/www.legambientevda.it\/index.php\/wp-json\/wp\/v2\/posts\/1445\/revisions\/1448"}],"wp:featuredmedia":[{"embeddable":true,"href":"https:\/\/www.legambientevda.it\/index.php\/wp-json\/wp\/v2\/media\/1446"}],"wp:attachment":[{"href":"https:\/\/www.legambientevda.it\/index.php\/wp-json\/wp\/v2\/media?parent=1445"}],"wp:term":[{"taxonomy":"category","embeddable":true,"href":"https:\/\/www.legambientevda.it\/index.php\/wp-json\/wp\/v2\/categories?post=1445"},{"taxonomy":"post_tag","embeddable":true,"href":"https:\/\/www.legambientevda.it\/index.php\/wp-json\/wp\/v2\/tags?post=1445"}],"curies":[{"name":"wp","href":"https:\/\/api.w.org\/{rel}","templated":true}]}}