{"id":1441,"date":"2023-02-18T23:07:04","date_gmt":"2023-02-18T22:07:04","guid":{"rendered":"http:\/\/www.legambientevda.it\/?p=1441"},"modified":"2023-04-02T10:28:25","modified_gmt":"2023-04-02T08:28:25","slug":"traforo-monte-bianco","status":"publish","type":"post","link":"https:\/\/www.legambientevda.it\/index.php\/2023\/02\/18\/traforo-monte-bianco\/","title":{"rendered":"<strong>Traforo Monte Bianco<\/strong>"},"content":{"rendered":"\n<p><a><\/a> <strong>Il traffico pesante su gomma non <\/strong><strong>\u00e8 indice di progresso n\u00e9 di benessere<\/strong><\/p>\n\n\n\n<p><strong>Per fortuna ci sono i francesi<\/strong><\/p>\n\n\n\n<p>E\u2019 un dibattito fuori dal tempo quello cui stiamo assistendo in queste settimane sul raddoppio del traforo del Monte Bianco.<\/p>\n\n\n\n<p>Siamo tuttavia tranquilli, perch\u00e9 i francesi di questa opzione non ne vogliono sapere. E quindi, senza necessit\u00e0 di doverci scontrare per ottenere una posizione dominante nel dibattito locale, possiamo serenamente osservare come non stiano in piedi le argomentazioni di chi vorrebbe aumentare il traffico di TIR nella nostra Valle, anche a fronte di un reale problema legato alle chiusure temporanee prospettate per i prossimi anni.<\/p>\n\n\n\n<p>Legambiente ritiene che il dibattito dovrebbe avere una visione pi\u00f9 ampia, di respiro nazionale, incentrata su come spostare il traffico merci dalla strada alla rotaia e liberare cos\u00ec le vallate alpine dagli ingombranti e pericolosi TIR.<\/p>\n\n\n\n<p>Sembra incredibile ma c\u2019\u00e8 chi ancora non ha compreso che allargare le strade serve solo ad attrarre e a far aumentare il traffico (camion e auto), e con esso avremmo ancora pi\u00f9 smog, incidenti e inquinamento acustico. E anche sull\u2019inquinamento, \u00e8 vero che i motori dei moderni TIR sono pi\u00f9 efficienti di quelli del passato, ma \u00e8 necessario considerare (anche e non solo) il significativo consumo degli pneumatici, dei freni, dell\u2019asfalto che caratterizza il loro passaggio&#8230; Ricordiamo che la nostra regione, soprattutto per i mezzi pesanti, rimane un corridoio di transito, in cui al massimo ci si ferma a fare rifornimento di gasolio.<\/p>\n\n\n\n<p>Certo, dispiace che ci siano interruzioni di servizio nel collegamento con la Francia, il disagio \u00e8 reale, ma le perdite di fatturato nelle settimane di chiusura prospettate da Confindustria (preoccupazioni sonoramente smentite dalla lettura dei dati relativi al periodo di chiusura successivo al terribile incidente del 1999) saranno recuperabili con un\u2019adeguata promozione turistica di un ambiente pi\u00f9 sano, tranquillo e godibile. E\u2019 evidente che l\u2019economia valdostana continuer\u00e0 a girare senza particolari problemi se sapremo \u201craccontarci\u201d positivamente.<\/p>\n\n\n\n<p>E se vogliamo essere pi\u00f9 competitivi di quanto siamo adesso, preoccupiamoci di offrire pi\u00f9 \u201cambiente\u201d, pi\u00f9 aria pulita, e un\u2019accoglienza di sempre maggior qualit\u00e0. Non riempiamo per i prossimi anni le nostre strade di camion pieni di smarino (materiale proveniente dalle opere di scavo per il secondo tunnel), da smaltire in chiss\u00e0 quali discariche; non allontaniamo con attivit\u00e0 rumorose gli amanti della natura; non roviniamo la montagna con nuovi impianti (vedi Cime Bianche) che servono solo a nutrire appetiti edilizi speculativi.<\/p>\n\n\n\n<p>Offriamo invece prodotti del territorio unici (ambientali, enogastronomici, culturali) e certifichiamoli. Questa \u00e8 la \u201ccrescita\u201d che piace a noi ambientalisti!<\/p>\n","protected":false},"excerpt":{"rendered":"<p>Il traffico pesante su gomma non \u00e8 indice di progresso n\u00e9 di benessere Per fortuna ci sono i francesi E\u2019 un dibattito fuori dal tempo quello cui stiamo assistendo in queste settimane sul raddoppio del traforo del Monte Bianco. Siamo tuttavia tranquilli, perch\u00e9 i francesi di questa opzione non ne vogliono sapere. E quindi, senza &hellip; <a href=\"https:\/\/www.legambientevda.it\/index.php\/2023\/02\/18\/traforo-monte-bianco\/\" class=\"more-link\">Continua la lettura di <span class=\"screen-reader-text\"><strong>Traforo Monte Bianco<\/strong><\/span> <span class=\"meta-nav\">&rarr;<\/span><\/a><\/p>\n","protected":false},"author":1,"featured_media":1442,"comment_status":"closed","ping_status":"open","sticky":false,"template":"","format":"standard","meta":{"jetpack_post_was_ever_published":false,"_jetpack_newsletter_access":"","footnotes":""},"categories":[1],"tags":[],"jetpack_featured_media_url":"https:\/\/www.legambientevda.it\/wp-content\/uploads\/2023\/02\/Monte-Bianco.jpg","jetpack_sharing_enabled":true,"jetpack_shortlink":"https:\/\/wp.me\/p76AmJ-nf","jetpack-related-posts":[{"id":453,"url":"https:\/\/www.legambientevda.it\/index.php\/2017\/04\/20\/nel-dibattito-sui-parchi-no-a-strumentalizzazioni-artificiose-legambiente-estranea-alle-dichiarazioni-polemiche-di-questi-giorni-ben-venga-un-confronto-con-le-comunita-locali\/","url_meta":{"origin":1441,"position":0},"title":"Nel dibattito sui parchi no a strumentalizzazioni artificiose &#8211; Legambiente estranea alle dichiarazioni polemiche di questi giorni . Ben venga un confronto con le comunit\u00e0 locali","author":"adminvda","date":"20 Aprile 2017","format":false,"excerpt":"Il Circolo Legambiente Valle d'Aosta non si sente toccato da quanto espresso, con un comunicato stampa in data 11 aprile, dai sindaci unionisti, in merito alla nuova legge sui Parchi nazionali. Legambiente \u00e8 totalmente estranea alla definizione di amministratori locali come \"paesani e poco evoluti\", rilasciata infatti da un esponente\u2026","rel":"","context":"In &quot;comunicato stampa&quot;","block_context":{"text":"comunicato stampa","link":"https:\/\/www.legambientevda.it\/index.php\/category\/comunicato-stampa\/"},"img":{"alt_text":"","src":"","width":0,"height":0},"classes":[]},{"id":246,"url":"https:\/\/www.legambientevda.it\/index.php\/2016\/04\/06\/referendum-del-17-aprile-dibattito-organizzato-dai-giovani-democaratici-in-collaborazione-con-legambiente\/","url_meta":{"origin":1441,"position":1},"title":"REFERENDUM DEL 17 APRILE : DIBATTITO ORGANIZZATO DAI GIOVANI DEMOCRATICI IN COLLABORAZIONE CON LEGAMBIENTE","author":"adminvda","date":"6 Aprile 2016","format":false,"excerpt":"Il referendum sulle trivellazioni in mare si avvicina, nel quasi totale silenzio dell'informazione. Convintamente schierati per il S\u00ec, siamo coscienti che le persone debbano essere, prima di tutto, informate per poter scegliere. Perci\u00f2 abbiamo volentieri accettato l'invito dei Giovani Democratici ad organizzare il dibattito di cui pubblichiamo la locandina, e\u2026","rel":"","context":"In &quot;iniziative sul territorio&quot;","block_context":{"text":"iniziative sul territorio","link":"https:\/\/www.legambientevda.it\/index.php\/category\/iniziative-sul-territorio\/"},"img":{"alt_text":"","src":"https:\/\/i0.wp.com\/www.legambientevda.it\/wp-content\/uploads\/2016\/04\/FB_IMG_1459889729159-214x300.jpg?resize=350%2C200","width":350,"height":200},"classes":[]},{"id":664,"url":"https:\/\/www.legambientevda.it\/index.php\/2018\/07\/01\/le-bandiere-valdostane-di-carovana-delle-alpi-2018-il-riconoscimento-alle-giunte-regionali-marquis-e-vierin\/","url_meta":{"origin":1441,"position":2},"title":"LE BANDIERE VALDOSTANE DI CAROVANA DELLE ALPI 2018 :il riconoscimento alle Giunte Regionali Marquis e Vi\u00e9rin","author":"adminvda","date":"1 Luglio 2018","format":false,"excerpt":"Bandiera Verde a: Giunte Regionali Marquis e Vierin e rispettivi Assessorati all\u2019Ambiente Motivazione: per aver avviato e approvato con atti formali il processo di costruzione della candidatura del Monte Bianco a patrimonio UNESCO. Descrizione: Ormai da decenni si parla di una possibile iscrizione del massiccio del Monte Bianco nella lista\u2026","rel":"","context":"In &quot;iniziative sul territorio&quot;","block_context":{"text":"iniziative sul territorio","link":"https:\/\/www.legambientevda.it\/index.php\/category\/iniziative-sul-territorio\/"},"img":{"alt_text":"","src":"","width":0,"height":0},"classes":[]},{"id":1223,"url":"https:\/\/www.legambientevda.it\/index.php\/2021\/06\/30\/carovana-delle-alpi-2021-si-parte-domenica-4-luglio-dalla-val-ferret\/","url_meta":{"origin":1441,"position":3},"title":"CAROVANA DELLE ALPI 2021 : si parte domenica 4 luglio dalla val Ferret","author":"adminvda","date":"30 Giugno 2021","format":false,"excerpt":"Legambiente Valle d\u2019Aosta organizza per domenica 4 luglio la giornata di lancio di Carovana delle Alpi 2021. La campagna estiva del Cigno Verde, che culminer\u00e0 con la proclamazione delle Bandiere Verdi e Nere a met\u00e0 luglio, prende le mosse da Courmayeur, per la precisione dalla Val Ferret, minacciata da una\u2026","rel":"","context":"In &quot;comunicato stampa&quot;","block_context":{"text":"comunicato stampa","link":"https:\/\/www.legambientevda.it\/index.php\/category\/comunicato-stampa\/"},"img":{"alt_text":"","src":"https:\/\/i0.wp.com\/www.legambientevda.it\/wp-content\/uploads\/2021\/06\/Logo-Carovana-delle-Alpi.png?resize=350%2C200&ssl=1","width":350,"height":200,"srcset":"https:\/\/i0.wp.com\/www.legambientevda.it\/wp-content\/uploads\/2021\/06\/Logo-Carovana-delle-Alpi.png?resize=350%2C200&ssl=1 1x, https:\/\/i0.wp.com\/www.legambientevda.it\/wp-content\/uploads\/2021\/06\/Logo-Carovana-delle-Alpi.png?resize=525%2C300&ssl=1 1.5x, https:\/\/i0.wp.com\/www.legambientevda.it\/wp-content\/uploads\/2021\/06\/Logo-Carovana-delle-Alpi.png?resize=700%2C400&ssl=1 2x, https:\/\/i0.wp.com\/www.legambientevda.it\/wp-content\/uploads\/2021\/06\/Logo-Carovana-delle-Alpi.png?resize=1050%2C600&ssl=1 3x"},"classes":[]},{"id":1349,"url":"https:\/\/www.legambientevda.it\/index.php\/2022\/07\/08\/quale-strategia-turistica-dietro-alla-stella-di-platta-di-grevon-occorre-un-dibattito-pubblico-allargato\/","url_meta":{"origin":1441,"position":4},"title":"QUALE STRATEGIA TURISTICA DIETRO ALLA STELLA DI PLATTA DI GREVON? OCCORRE UN DIBATTITO PUBBLICO ALLARGATO","author":"adminvda","date":"8 Luglio 2022","format":false,"excerpt":"E\u2019 trascorso un mese dall\u2019esito della procedura di Valutazione di Impatto Ambientale sul progetto di nuova telecabina che dovrebbe collegare, in 3 tronconi, la zona di arrivo dell'impianto che sale da Aosta alla Platta de Grevon. E\u2019 stata emessa una valutazione \u201cpositiva condizionata\u201d, ossia un assenso generale al progetto, che\u2026","rel":"","context":"In &quot;comunicato stampa&quot;","block_context":{"text":"comunicato stampa","link":"https:\/\/www.legambientevda.it\/index.php\/category\/comunicato-stampa\/"},"img":{"alt_text":"","src":"","width":0,"height":0},"classes":[]},{"id":1674,"url":"https:\/\/www.legambientevda.it\/index.php\/2025\/05\/13\/valnontey\/","url_meta":{"origin":1441,"position":5},"title":"VALNONTEY","author":"adminvda","date":"13 Maggio 2025","format":false,"excerpt":"RICOSTRUZIONE O URBANIZZAZIONE? Veniamo a conoscenza dai giornali delle immagini di un progetto di ricostruzione e riqualificazione della Valnontey, colpita una anno fa da un forte evento alluvionale.Non entriamo nel merito delle rappresentazioni progettuali che abbiamo visto pubblicate in questi giorni: quello che colpisce della proposta \u00e8 l\u2019imponente modifica di\u2026","rel":"","context":"In &quot;comunicato stampa&quot;","block_context":{"text":"comunicato stampa","link":"https:\/\/www.legambientevda.it\/index.php\/category\/comunicato-stampa\/"},"img":{"alt_text":"","src":"","width":0,"height":0},"classes":[]}],"jetpack_likes_enabled":true,"_links":{"self":[{"href":"https:\/\/www.legambientevda.it\/index.php\/wp-json\/wp\/v2\/posts\/1441"}],"collection":[{"href":"https:\/\/www.legambientevda.it\/index.php\/wp-json\/wp\/v2\/posts"}],"about":[{"href":"https:\/\/www.legambientevda.it\/index.php\/wp-json\/wp\/v2\/types\/post"}],"author":[{"embeddable":true,"href":"https:\/\/www.legambientevda.it\/index.php\/wp-json\/wp\/v2\/users\/1"}],"replies":[{"embeddable":true,"href":"https:\/\/www.legambientevda.it\/index.php\/wp-json\/wp\/v2\/comments?post=1441"}],"version-history":[{"count":2,"href":"https:\/\/www.legambientevda.it\/index.php\/wp-json\/wp\/v2\/posts\/1441\/revisions"}],"predecessor-version":[{"id":1444,"href":"https:\/\/www.legambientevda.it\/index.php\/wp-json\/wp\/v2\/posts\/1441\/revisions\/1444"}],"wp:featuredmedia":[{"embeddable":true,"href":"https:\/\/www.legambientevda.it\/index.php\/wp-json\/wp\/v2\/media\/1442"}],"wp:attachment":[{"href":"https:\/\/www.legambientevda.it\/index.php\/wp-json\/wp\/v2\/media?parent=1441"}],"wp:term":[{"taxonomy":"category","embeddable":true,"href":"https:\/\/www.legambientevda.it\/index.php\/wp-json\/wp\/v2\/categories?post=1441"},{"taxonomy":"post_tag","embeddable":true,"href":"https:\/\/www.legambientevda.it\/index.php\/wp-json\/wp\/v2\/tags?post=1441"}],"curies":[{"name":"wp","href":"https:\/\/api.w.org\/{rel}","templated":true}]}}