{"id":1272,"date":"2022-01-07T22:00:51","date_gmt":"2022-01-07T21:00:51","guid":{"rendered":"http:\/\/www.legambientevda.it\/?p=1272"},"modified":"2022-06-05T22:50:09","modified_gmt":"2022-06-05T20:50:09","slug":"gli-inspiegabili-motivi-per-non-procedere-allallargamento-del-parco-del-mont-avic-la-regione-colga-lopportunita-di-valorizzare-e-accrescere-le-proprie-aree-protette","status":"publish","type":"post","link":"https:\/\/www.legambientevda.it\/index.php\/2022\/01\/07\/gli-inspiegabili-motivi-per-non-procedere-allallargamento-del-parco-del-mont-avic-la-regione-colga-lopportunita-di-valorizzare-e-accrescere-le-proprie-aree-protette\/","title":{"rendered":"Gli inspiegabili motivi per non procedere all\u2019allargamento del Parco del Mont Avic. LA REGIONE COLGA L&#8217;OPPORTUNITA&#8217; DI VALORIZZARE E ACCRESCERE LE PROPRIE AREE PROTETTE!"},"content":{"rendered":"\n<p>Il riconoscimento da parte delle Nazioni Unite di NaturaValp, l&#8217;Associazione di Valpelline scelta come esempio di turismo montano dell&#8217;avvenire in occasione della Giornata internazionale della Montagna dell\u201911 dicembre scorso, \u00e8 forse il pi\u00f9 vistoso dei tanti segnali del cambiamento di prospettiva in atto nel turismo di montagna.<\/p>\n\n\n\n<p>Turismo responsabile, ambientalmente sostenibile, che rende i territori protagonisti con le loro qualit\u00e0 e bellezze naturali.<\/p>\n\n\n\n<p>Sono queste le scelte economicamente pi\u00f9 paganti, quelle che consentiranno alla montagna di frenare i fenomeni di spopolamento.<\/p>\n\n\n\n<p>Per questo il Circolo Legambiente Valle d\u2019Aosta, appreso con rammarico e delusione l\u2019inspiegabile stop all\u2019allargamento del Parco del Mont Avic, si affianca e sostiene le proteste del Comitato di Cittadini guidato da Giuseppe Peaquin e chiede alle forze politiche regionali e alla Presidenza della Giunta di sbloccare l\u2019impasse istituzionale e portare a conclusione in breve tempo l\u2019iter normativo necessario a concretizzare l\u2019ampliamento previsto e, ci risulta, gi\u00e0 finanziato.<\/p>\n\n\n\n<p>Quali interessi potranno mai impedire che questo lodevole progetto giunga in porto? Quali voci dissonanti si oppongono, difendendo forse meri interessi personali?<\/p>\n\n\n\n<p>Noi, al pari dei componenti del Comitato, non lo comprendiamo e, in questa come in altre analoghe situazioni, chiediamo risposte e azioni che mettano al centro il bene dell\u2019intera collettivit\u00e0 valdostana e delle generazioni future.<\/p>\n","protected":false},"excerpt":{"rendered":"<p>Il riconoscimento da parte delle Nazioni Unite di NaturaValp, l&#8217;Associazione di Valpelline scelta come esempio di turismo montano dell&#8217;avvenire in occasione della Giornata internazionale della Montagna dell\u201911 dicembre scorso, \u00e8 forse il pi\u00f9 vistoso dei tanti segnali del cambiamento di prospettiva in atto nel turismo di montagna. Turismo responsabile, ambientalmente sostenibile, che rende i territori &hellip; <a href=\"https:\/\/www.legambientevda.it\/index.php\/2022\/01\/07\/gli-inspiegabili-motivi-per-non-procedere-allallargamento-del-parco-del-mont-avic-la-regione-colga-lopportunita-di-valorizzare-e-accrescere-le-proprie-aree-protette\/\" class=\"more-link\">Continua la lettura di <span class=\"screen-reader-text\">Gli inspiegabili motivi per non procedere all\u2019allargamento del Parco del Mont Avic. LA REGIONE COLGA L&#8217;OPPORTUNITA&#8217; DI VALORIZZARE E ACCRESCERE LE PROPRIE AREE PROTETTE!<\/span> <span class=\"meta-nav\">&rarr;<\/span><\/a><\/p>\n","protected":false},"author":1,"featured_media":1276,"comment_status":"closed","ping_status":"open","sticky":false,"template":"","format":"standard","meta":{"jetpack_post_was_ever_published":false,"_jetpack_newsletter_access":"","footnotes":""},"categories":[5],"tags":[125],"jetpack_featured_media_url":"https:\/\/www.legambientevda.it\/wp-content\/uploads\/2022\/01\/download-1.jpg","jetpack_sharing_enabled":true,"jetpack_shortlink":"https:\/\/wp.me\/p76AmJ-kw","jetpack-related-posts":[{"id":1734,"url":"https:\/\/www.legambientevda.it\/index.php\/2026\/02\/02\/il-marais-di-morgex-la-salle\/","url_meta":{"origin":1272,"position":0},"title":"IL MARAIS DI MORGEX \u2013 LA SALLE\u00a0","author":"adminvda","date":"2 Febbraio 2026","format":false,"excerpt":"UNA ZONA UMIDA ALLA RICERCA DELLA SOSTENIBILITA', TRA BIODIVERSITA' E TURISMO ESPERIENZIALE Oggi,\u00a02\u00a0febbraio,\u00a0ricorre la\u00a0Giornata Mondiale delle Zone Umide\u00a0che celebra la firma, avvenuta nel 1971, della Convenzione di Ramsar sulle zone umide.\u00a0 Legambiente, nelle sue articolazioni locale e interregionale, ha organizzato per\u00a0venerd\u00ec 6 febbraio, insieme al\u00a0Comitato Dora Baltea Viva, un evento\u2026","rel":"","context":"In &quot;comunicato stampa&quot;","block_context":{"text":"comunicato stampa","link":"https:\/\/www.legambientevda.it\/index.php\/category\/comunicato-stampa\/"},"img":{"alt_text":"","src":"https:\/\/i0.wp.com\/www.legambientevda.it\/wp-content\/uploads\/2026\/02\/Convegno-Morgex-Marais.jpeg?resize=350%2C200&ssl=1","width":350,"height":200},"classes":[]},{"id":444,"url":"https:\/\/www.legambientevda.it\/index.php\/2017\/04\/07\/caccia-le-associazioni-ambientaliste-si-rivolgono-alla-regione-meno-soldi-alla-gestione-venatoria-per-finanziare-le-aree-protette\/","url_meta":{"origin":1272,"position":1},"title":"CACCIA :  LE ASSOCIAZIONI AMBIENTALISTE SI RIVOLGONO ALLA REGIONE  MENO SOLDI ALLA GESTIONE VENATORIA PER FINANZIARE LE AREE PROTETTE","author":"adminvda","date":"7 Aprile 2017","format":false,"excerpt":"Il 24 marzo scorso il Circolo Legambiente Valle d\u2019Aosta e la Federazione italiana Pro Natura hanno inviato una lettera all\u2019Assessore all\u2019gricoltura e risorse naturali ed al dirigente competente per la gestione venatoria, nella quale chiedono di destinare l\u2019evidente avanzo di cassa del 2016 del Comitato di Gestione Venatoria (circa 125.000\u2026","rel":"","context":"In &quot;animali&quot;","block_context":{"text":"animali","link":"https:\/\/www.legambientevda.it\/index.php\/category\/animali\/"},"img":{"alt_text":"","src":"","width":0,"height":0},"classes":[]},{"id":188,"url":"https:\/\/www.legambientevda.it\/index.php\/2012\/08\/29\/le-zone-umide-da-salvaguardare\/","url_meta":{"origin":1272,"position":2},"title":"Le zone umide da salvaguardare","author":"adminvda","date":"29 Agosto 2012","format":false,"excerpt":"Siamo in vacanza in Valtournenche, come sempre negli ultimi 8 anni. Una valle certo pesantemente sfruttata, ma ancora con scorci maestosi e angoli di vera bellezza alpina. Con la famiglia proviamo un nuovo sentiero. Dopo aver fatto l\u20198 da Perr\u00e8res a Promoron (un largo sentiero in piano, un classico per\u2026","rel":"","context":"In &quot;azioni di salvaguardia&quot;","block_context":{"text":"azioni di salvaguardia","link":"https:\/\/www.legambientevda.it\/index.php\/category\/azioni-di-salvaguardia\/"},"img":{"alt_text":"","src":"https:\/\/i0.wp.com\/www.legambientevda.it\/wp-content\/uploads\/2016\/04\/Valtournenche003.jpg?resize=350%2C200&ssl=1","width":350,"height":200,"srcset":"https:\/\/i0.wp.com\/www.legambientevda.it\/wp-content\/uploads\/2016\/04\/Valtournenche003.jpg?resize=350%2C200&ssl=1 1x, https:\/\/i0.wp.com\/www.legambientevda.it\/wp-content\/uploads\/2016\/04\/Valtournenche003.jpg?resize=525%2C300&ssl=1 1.5x, https:\/\/i0.wp.com\/www.legambientevda.it\/wp-content\/uploads\/2016\/04\/Valtournenche003.jpg?resize=700%2C400&ssl=1 2x, https:\/\/i0.wp.com\/www.legambientevda.it\/wp-content\/uploads\/2016\/04\/Valtournenche003.jpg?resize=1050%2C600&ssl=1 3x, https:\/\/i0.wp.com\/www.legambientevda.it\/wp-content\/uploads\/2016\/04\/Valtournenche003.jpg?resize=1400%2C800&ssl=1 4x"},"classes":[]},{"id":1073,"url":"https:\/\/www.legambientevda.it\/index.php\/2020\/03\/22\/nevediversa-2020-pubblicato-il-dossier-annuale-di-legambiente\/","url_meta":{"origin":1272,"position":3},"title":"nevediversa 2020 :pubblicato il dossier annuale di legambiente","author":"adminvda","date":"22 Marzo 2020","format":false,"excerpt":"IMPIANTI A BASSA E MEDIA QUOTA ABBANDONATI, DISMESSI O TENUTI IN VITA CON INIEZIONI DI DENARO PUBBLICO.LEGGI IN DOSSIER! dossier-nevediversa-2020Download Pubblichiamo integralmente il comunicato di Legambiente nazionale di commento al dossier linkato sopra, da scaricare liberamente. Ecco i numeri del report di Legambiente: 348 gli impianti in sofferenza ad alta\u2026","rel":"","context":"In &quot;comunicati nazionali&quot;","block_context":{"text":"comunicati nazionali","link":"https:\/\/www.legambientevda.it\/index.php\/category\/comunicati-nazionali\/"},"img":{"alt_text":"","src":"https:\/\/i0.wp.com\/www.legambientevda.it\/wp-content\/uploads\/2020\/03\/DSC_0018.jpeg?resize=350%2C200&ssl=1","width":350,"height":200,"srcset":"https:\/\/i0.wp.com\/www.legambientevda.it\/wp-content\/uploads\/2020\/03\/DSC_0018.jpeg?resize=350%2C200&ssl=1 1x, https:\/\/i0.wp.com\/www.legambientevda.it\/wp-content\/uploads\/2020\/03\/DSC_0018.jpeg?resize=525%2C300&ssl=1 1.5x, https:\/\/i0.wp.com\/www.legambientevda.it\/wp-content\/uploads\/2020\/03\/DSC_0018.jpeg?resize=700%2C400&ssl=1 2x, https:\/\/i0.wp.com\/www.legambientevda.it\/wp-content\/uploads\/2020\/03\/DSC_0018.jpeg?resize=1050%2C600&ssl=1 3x"},"classes":[]},{"id":523,"url":"https:\/\/www.legambientevda.it\/index.php\/2017\/07\/20\/carovana-delle-alpi-2017-tre-bandiere-verdi-ed-una-nera-per-il-piemonte-due-bandiere-verdi-e-due-nere-in-valle-daosta-tante-le-iniziative-estive-in-calendario\/","url_meta":{"origin":1272,"position":4},"title":"CAROVANA DELLE ALPI 2017 : Tre bandiere verdi ed una nera per il Piemonte, due bandiere verdi e due nere in Valle d&#8217;Aosta. Tante le iniziative estive in calendario.","author":"adminvda","date":"20 Luglio 2017","format":false,"excerpt":"\u00a0 Sostenibilit\u00e0 ambientale, agricoltura sociale e di qualit\u00e0 e turismo dolce tra le chiavi del successo delle pratiche virtuose dell\u2019arco Alpino premiate con le bandiere verdi di Legambiente. Bandiere nere assegnate ai pirati della montagna Tre bandiere verdi ed una nera per il Piemonte, due bandiere verdi e due nere\u2026","rel":"","context":"In &quot;comunicati nazionali&quot;","block_context":{"text":"comunicati nazionali","link":"https:\/\/www.legambientevda.it\/index.php\/category\/comunicati-nazionali\/"},"img":{"alt_text":"","src":"https:\/\/i0.wp.com\/www.legambientevda.it\/wp-content\/uploads\/2017\/07\/Carovana-delle-Alpi2.jpg?resize=350%2C200&ssl=1","width":350,"height":200,"srcset":"https:\/\/i0.wp.com\/www.legambientevda.it\/wp-content\/uploads\/2017\/07\/Carovana-delle-Alpi2.jpg?resize=350%2C200&ssl=1 1x, https:\/\/i0.wp.com\/www.legambientevda.it\/wp-content\/uploads\/2017\/07\/Carovana-delle-Alpi2.jpg?resize=525%2C300&ssl=1 1.5x"},"classes":[]},{"id":1559,"url":"https:\/\/www.legambientevda.it\/index.php\/2024\/05\/30\/carovana-delle-alpi-2024-quattro-bandiere-verdi-e-due-nere-in-valle-daosta\/","url_meta":{"origin":1272,"position":5},"title":"CAROVANA DELLE ALPI 2024.QUATTRO BANDIERE VERDI E DUE NERE IN VALLE D&#8217;AOSTA","author":"adminvda","date":"30 Maggio 2024","format":false,"excerpt":"Comunicato stampa di Legambiente Alpi, in occasione dell'ottavo SUMMIT DELLE BANDIERE VERDI, tenutosi a Chiavenna (SO) il 25 maggio. Cliccandu sul testo in vede \u00e8 possibile leggere il report dell'edizione 2024 di Carovana delle Alpi Alpi sempre pi\u00f9 green, attente alla sostenibilit\u00e0 e all\u2019innovazione. A testimoniarlo \u00e8 lo sprint nel\u2026","rel":"","context":"In &quot;comunicati nazionali&quot;","block_context":{"text":"comunicati nazionali","link":"https:\/\/www.legambientevda.it\/index.php\/category\/comunicati-nazionali\/"},"img":{"alt_text":"","src":"https:\/\/i0.wp.com\/www.legambientevda.it\/wp-content\/uploads\/2021\/06\/Logo-Carovana-delle-Alpi.png?resize=350%2C200&ssl=1","width":350,"height":200,"srcset":"https:\/\/i0.wp.com\/www.legambientevda.it\/wp-content\/uploads\/2021\/06\/Logo-Carovana-delle-Alpi.png?resize=350%2C200&ssl=1 1x, https:\/\/i0.wp.com\/www.legambientevda.it\/wp-content\/uploads\/2021\/06\/Logo-Carovana-delle-Alpi.png?resize=525%2C300&ssl=1 1.5x, https:\/\/i0.wp.com\/www.legambientevda.it\/wp-content\/uploads\/2021\/06\/Logo-Carovana-delle-Alpi.png?resize=700%2C400&ssl=1 2x, https:\/\/i0.wp.com\/www.legambientevda.it\/wp-content\/uploads\/2021\/06\/Logo-Carovana-delle-Alpi.png?resize=1050%2C600&ssl=1 3x"},"classes":[]}],"jetpack_likes_enabled":true,"_links":{"self":[{"href":"https:\/\/www.legambientevda.it\/index.php\/wp-json\/wp\/v2\/posts\/1272"}],"collection":[{"href":"https:\/\/www.legambientevda.it\/index.php\/wp-json\/wp\/v2\/posts"}],"about":[{"href":"https:\/\/www.legambientevda.it\/index.php\/wp-json\/wp\/v2\/types\/post"}],"author":[{"embeddable":true,"href":"https:\/\/www.legambientevda.it\/index.php\/wp-json\/wp\/v2\/users\/1"}],"replies":[{"embeddable":true,"href":"https:\/\/www.legambientevda.it\/index.php\/wp-json\/wp\/v2\/comments?post=1272"}],"version-history":[{"count":2,"href":"https:\/\/www.legambientevda.it\/index.php\/wp-json\/wp\/v2\/posts\/1272\/revisions"}],"predecessor-version":[{"id":1275,"href":"https:\/\/www.legambientevda.it\/index.php\/wp-json\/wp\/v2\/posts\/1272\/revisions\/1275"}],"wp:featuredmedia":[{"embeddable":true,"href":"https:\/\/www.legambientevda.it\/index.php\/wp-json\/wp\/v2\/media\/1276"}],"wp:attachment":[{"href":"https:\/\/www.legambientevda.it\/index.php\/wp-json\/wp\/v2\/media?parent=1272"}],"wp:term":[{"taxonomy":"category","embeddable":true,"href":"https:\/\/www.legambientevda.it\/index.php\/wp-json\/wp\/v2\/categories?post=1272"},{"taxonomy":"post_tag","embeddable":true,"href":"https:\/\/www.legambientevda.it\/index.php\/wp-json\/wp\/v2\/tags?post=1272"}],"curies":[{"name":"wp","href":"https:\/\/api.w.org\/{rel}","templated":true}]}}