{"id":1215,"date":"2021-05-03T21:49:32","date_gmt":"2021-05-03T19:49:32","guid":{"rendered":"http:\/\/www.legambientevda.it\/?p=1215"},"modified":"2021-06-30T22:46:27","modified_gmt":"2021-06-30T20:46:27","slug":"ce-turismo-e-turismo","status":"publish","type":"post","link":"https:\/\/www.legambientevda.it\/index.php\/2021\/05\/03\/ce-turismo-e-turismo\/","title":{"rendered":"C&#8217;E&#8217; TURISMO E TURISMO."},"content":{"rendered":"\n<p>STRATEGIE PER UN&#8217;OSPITALITA&#8217; RESILIENTE (ANCHE QUANDO TUTTO SEMBRA PERDUTO)<\/p>\n<p>\u00a0<\/p>\n<p>In tempo di pandemia, come si \u00e8 comportato il turismo sostenibile in Valle d&#8217;Aosta? Quali opportunit\u00e0 offre questo tipo di ospitalit\u00e0 e di approccio alla montagna in vista della riapertura turistica.? E soprattutto, cosa manca al settore per decollare definitivamente? IL PNRR pu\u00f2 rivestire un ruolo positivo? Di tutto questo ( e altro ancora) parleremo gioved\u00ec 6 maggio 2021, insieme a relatori che hanno fatto e fanno esperienza diretta sul territorio. Non mancare!<\/p>\n<p>\u00a0<\/p>\n\n\n\n<figure class=\"wp-block-image size-large\"><img decoding=\"async\" loading=\"lazy\" width=\"1024\" height=\"691\" src=\"http:\/\/www.legambientevda.it\/wp-content\/uploads\/2021\/05\/Turismo-e-turismo-1024x691.jpg\" alt=\"\" class=\"wp-image-1216\" srcset=\"https:\/\/www.legambientevda.it\/wp-content\/uploads\/2021\/05\/Turismo-e-turismo-1024x691.jpg 1024w, https:\/\/www.legambientevda.it\/wp-content\/uploads\/2021\/05\/Turismo-e-turismo-300x202.jpg 300w, https:\/\/www.legambientevda.it\/wp-content\/uploads\/2021\/05\/Turismo-e-turismo-1536x1036.jpg 1536w, https:\/\/www.legambientevda.it\/wp-content\/uploads\/2021\/05\/Turismo-e-turismo.jpg 1920w\" sizes=\"(max-width: 1024px) 100vw, 1024px\" \/><\/figure>\n\n\n\n\n\n\n","protected":false},"excerpt":{"rendered":"<p>STRATEGIE PER UN&#8217;OSPITALITA&#8217; RESILIENTE (ANCHE QUANDO TUTTO SEMBRA PERDUTO) \u00a0 In tempo di pandemia, come si \u00e8 comportato il turismo sostenibile in Valle d&#8217;Aosta? Quali opportunit\u00e0 offre questo tipo di ospitalit\u00e0 e di approccio alla montagna in vista della riapertura turistica.? E soprattutto, cosa manca al settore per decollare definitivamente? IL PNRR pu\u00f2 rivestire un &hellip; <a href=\"https:\/\/www.legambientevda.it\/index.php\/2021\/05\/03\/ce-turismo-e-turismo\/\" class=\"more-link\">Continua la lettura di <span class=\"screen-reader-text\">C&#8217;E&#8217; TURISMO E TURISMO.<\/span> <span class=\"meta-nav\">&rarr;<\/span><\/a><\/p>\n","protected":false},"author":1,"featured_media":0,"comment_status":"closed","ping_status":"open","sticky":false,"template":"","format":"standard","meta":{"jetpack_post_was_ever_published":false,"_jetpack_newsletter_access":"","footnotes":""},"categories":[27],"tags":[61],"jetpack_featured_media_url":"","jetpack_sharing_enabled":true,"jetpack_shortlink":"https:\/\/wp.me\/p76AmJ-jB","jetpack-related-posts":[{"id":439,"url":"https:\/\/www.legambientevda.it\/index.php\/2017\/03\/23\/nevediversa-2017-successo-per-linaugurazione-invernale-di-monte-rosa-rando\/","url_meta":{"origin":1215,"position":0},"title":"NEVEDIVERSA 2017 : SUCCESSO PER L\u2019INAUGURAZIONE INVERNALE DI MONTE ROSA RANDO\u2019","author":"adminvda","date":"23 Marzo 2017","format":false,"excerpt":"\u00a0 Si \u00e8 svolta domenica scorsa, 12 marzo, la seconda delle due escursioni con le ciaspole previste nell\u2019ambito dell\u2019edizione 2017 di NEVEDIVERSA, la campagna invernale di Legambiente volta a promuovere un approccio dolce alla neve, nell\u2019ottica del turismo sostenibile. \u00a0","rel":"","context":"In &quot;comunicato stampa&quot;","block_context":{"text":"comunicato stampa","link":"https:\/\/www.legambientevda.it\/index.php\/category\/comunicato-stampa\/"},"img":{"alt_text":"","src":"https:\/\/i0.wp.com\/www.legambientevda.it\/wp-content\/uploads\/2017\/03\/IMG-20170314-WA0001.jpg?resize=350%2C200&ssl=1","width":350,"height":200,"srcset":"https:\/\/i0.wp.com\/www.legambientevda.it\/wp-content\/uploads\/2017\/03\/IMG-20170314-WA0001.jpg?resize=350%2C200&ssl=1 1x, https:\/\/i0.wp.com\/www.legambientevda.it\/wp-content\/uploads\/2017\/03\/IMG-20170314-WA0001.jpg?resize=525%2C300&ssl=1 1.5x, https:\/\/i0.wp.com\/www.legambientevda.it\/wp-content\/uploads\/2017\/03\/IMG-20170314-WA0001.jpg?resize=700%2C400&ssl=1 2x, https:\/\/i0.wp.com\/www.legambientevda.it\/wp-content\/uploads\/2017\/03\/IMG-20170314-WA0001.jpg?resize=1050%2C600&ssl=1 3x, https:\/\/i0.wp.com\/www.legambientevda.it\/wp-content\/uploads\/2017\/03\/IMG-20170314-WA0001.jpg?resize=1400%2C800&ssl=1 4x"},"classes":[]},{"id":1112,"url":"https:\/\/www.legambientevda.it\/index.php\/2020\/07\/28\/carovana-delle-alpi-2020-bandiera-verde-alle-giunte-regionali-dal-2014-al-2020\/","url_meta":{"origin":1215,"position":1},"title":"CAROVANA DELLE ALPI 2020 .BANDIERA VERDE ALLE GIUNTE REGIONALI IN CARICA DAL 2014 AD OGGI","author":"adminvda","date":"28 Luglio 2020","format":false,"excerpt":"MOTIVAZIONE: per aver portato avanti e realizzato il percorso \u201cCammino Balteo\u201d, nell'ambito del Progetto Strategico \"Bassa Via della Valle d'Aosta\", impiegando risorse comunitarie, statali e regionali in direzione del turismo sostenibile. Il Cammino Balteo \u00e8 un percorso escursionistico, adatto anche al cicloturismo, che si snoda per circa 360 km ad\u2026","rel":"","context":"In &quot;iniziative sul territorio&quot;","block_context":{"text":"iniziative sul territorio","link":"https:\/\/www.legambientevda.it\/index.php\/category\/iniziative-sul-territorio\/"},"img":{"alt_text":"","src":"https:\/\/i0.wp.com\/www.legambientevda.it\/wp-content\/uploads\/2016\/06\/CarovanaDelleAlpi2.gif?resize=350%2C200&ssl=1","width":350,"height":200},"classes":[]},{"id":1048,"url":"https:\/\/www.legambientevda.it\/index.php\/2020\/02\/11\/nevediversa-2020-cosa-ostacola-ancora-il-turismo-sostenibile-in-vda\/","url_meta":{"origin":1215,"position":2},"title":"NEVEDIVERSA 2020. COSA OSTACOLA ANCORA IL TURISMO SOSTENIBILE IN VDA?","author":"adminvda","date":"11 Febbraio 2020","format":false,"excerpt":"Torna anche nel 2020 Nevediversa, la Campagna invernale di Legambiente che vuole soprattutto invitare ad un approccio dolce alla neve, lontano da impianti di risalita, motoslitte ed elicotteri. Un modo di scoprire la montagna, insomma, che privilegia il contatto diretto con la natura invernale, da scoprire in sicurezza al ritmo\u2026","rel":"","context":"In &quot;comunicato stampa&quot;","block_context":{"text":"comunicato stampa","link":"https:\/\/www.legambientevda.it\/index.php\/category\/comunicato-stampa\/"},"img":{"alt_text":"","src":"https:\/\/i0.wp.com\/www.legambientevda.it\/wp-content\/uploads\/2017\/03\/IMG-20170314-WA0001.jpg?resize=350%2C200&ssl=1","width":350,"height":200,"srcset":"https:\/\/i0.wp.com\/www.legambientevda.it\/wp-content\/uploads\/2017\/03\/IMG-20170314-WA0001.jpg?resize=350%2C200&ssl=1 1x, https:\/\/i0.wp.com\/www.legambientevda.it\/wp-content\/uploads\/2017\/03\/IMG-20170314-WA0001.jpg?resize=525%2C300&ssl=1 1.5x, https:\/\/i0.wp.com\/www.legambientevda.it\/wp-content\/uploads\/2017\/03\/IMG-20170314-WA0001.jpg?resize=700%2C400&ssl=1 2x, https:\/\/i0.wp.com\/www.legambientevda.it\/wp-content\/uploads\/2017\/03\/IMG-20170314-WA0001.jpg?resize=1050%2C600&ssl=1 3x, https:\/\/i0.wp.com\/www.legambientevda.it\/wp-content\/uploads\/2017\/03\/IMG-20170314-WA0001.jpg?resize=1400%2C800&ssl=1 4x"},"classes":[]},{"id":523,"url":"https:\/\/www.legambientevda.it\/index.php\/2017\/07\/20\/carovana-delle-alpi-2017-tre-bandiere-verdi-ed-una-nera-per-il-piemonte-due-bandiere-verdi-e-due-nere-in-valle-daosta-tante-le-iniziative-estive-in-calendario\/","url_meta":{"origin":1215,"position":3},"title":"CAROVANA DELLE ALPI 2017 : Tre bandiere verdi ed una nera per il Piemonte, due bandiere verdi e due nere in Valle d&#8217;Aosta. Tante le iniziative estive in calendario.","author":"adminvda","date":"20 Luglio 2017","format":false,"excerpt":"\u00a0 Sostenibilit\u00e0 ambientale, agricoltura sociale e di qualit\u00e0 e turismo dolce tra le chiavi del successo delle pratiche virtuose dell\u2019arco Alpino premiate con le bandiere verdi di Legambiente. Bandiere nere assegnate ai pirati della montagna Tre bandiere verdi ed una nera per il Piemonte, due bandiere verdi e due nere\u2026","rel":"","context":"In &quot;comunicati nazionali&quot;","block_context":{"text":"comunicati nazionali","link":"https:\/\/www.legambientevda.it\/index.php\/category\/comunicati-nazionali\/"},"img":{"alt_text":"","src":"https:\/\/i0.wp.com\/www.legambientevda.it\/wp-content\/uploads\/2017\/07\/Carovana-delle-Alpi2.jpg?resize=350%2C200&ssl=1","width":350,"height":200,"srcset":"https:\/\/i0.wp.com\/www.legambientevda.it\/wp-content\/uploads\/2017\/07\/Carovana-delle-Alpi2.jpg?resize=350%2C200&ssl=1 1x, https:\/\/i0.wp.com\/www.legambientevda.it\/wp-content\/uploads\/2017\/07\/Carovana-delle-Alpi2.jpg?resize=525%2C300&ssl=1 1.5x"},"classes":[]},{"id":557,"url":"https:\/\/www.legambientevda.it\/index.php\/2017\/09\/19\/attenzione-per-le-nostre-acque-e-promozione-del-turismo-sostenibile-le-iniziative-di-legambiente-nel-mese-di-settembre\/","url_meta":{"origin":1215,"position":4},"title":"ATTENZIONE PER LE NOSTRE ACQUE E PROMOZIONE DEL TURISMO SOSTENIBILE :  LE INIZIATIVE DI LEGAMBIENTE NEL MESE DI SETTEMBRE","author":"adminvda","date":"19 Settembre 2017","format":false,"excerpt":"Sono due gli appuntamernti aperti a tutti che il Circolo valdostano di Legambiente propone per le prossime settimane. Gioved\u00ec 21 settembre alle ore 18, presso il CSV in via Xavier de Maistre ad Aosta, verr\u00e0 presentato il dossier realizzato da Legambiente nazionale dal titolo: \u201cL\u2019IDROELETTRICO AI TEMPI DEL CAMBIAMENTO CLIMATICO\u201d.\u2026","rel":"","context":"In &quot;comunicato stampa&quot;","block_context":{"text":"comunicato stampa","link":"https:\/\/www.legambientevda.it\/index.php\/category\/comunicato-stampa\/"},"img":{"alt_text":"","src":"https:\/\/i0.wp.com\/www.legambientevda.it\/wp-content\/uploads\/2017\/06\/fmoro_05_300.jpg?resize=350%2C200&ssl=1","width":350,"height":200,"srcset":"https:\/\/i0.wp.com\/www.legambientevda.it\/wp-content\/uploads\/2017\/06\/fmoro_05_300.jpg?resize=350%2C200&ssl=1 1x, https:\/\/i0.wp.com\/www.legambientevda.it\/wp-content\/uploads\/2017\/06\/fmoro_05_300.jpg?resize=525%2C300&ssl=1 1.5x, https:\/\/i0.wp.com\/www.legambientevda.it\/wp-content\/uploads\/2017\/06\/fmoro_05_300.jpg?resize=700%2C400&ssl=1 2x, https:\/\/i0.wp.com\/www.legambientevda.it\/wp-content\/uploads\/2017\/06\/fmoro_05_300.jpg?resize=1050%2C600&ssl=1 3x, https:\/\/i0.wp.com\/www.legambientevda.it\/wp-content\/uploads\/2017\/06\/fmoro_05_300.jpg?resize=1400%2C800&ssl=1 4x"},"classes":[]},{"id":499,"url":"https:\/\/www.legambientevda.it\/index.php\/2017\/06\/01\/monte-rosa-rando-aperte-le-iscrizioni-per-la-parte-alta-del-percorso-2425-giugno-2017\/","url_meta":{"origin":1215,"position":5},"title":"MONTE ROSA RANDO&#8217; : APERTE LE ISCRIZIONI PER LA PARTE ALTA DEL PERCORSO &#8211; 24\/25 GIUGNO 2017","author":"adminvda","date":"1 Giugno 2017","format":false,"excerpt":"","rel":"","context":"In &quot;iniziative sul territorio&quot;","block_context":{"text":"iniziative sul territorio","link":"https:\/\/www.legambientevda.it\/index.php\/category\/iniziative-sul-territorio\/"},"img":{"alt_text":"","src":"https:\/\/i0.wp.com\/www.legambientevda.it\/wp-content\/uploads\/2017\/06\/Locandina-MRR-Giugno.jpg?resize=350%2C200","width":350,"height":200,"srcset":"https:\/\/i0.wp.com\/www.legambientevda.it\/wp-content\/uploads\/2017\/06\/Locandina-MRR-Giugno.jpg?resize=350%2C200 1x, https:\/\/i0.wp.com\/www.legambientevda.it\/wp-content\/uploads\/2017\/06\/Locandina-MRR-Giugno.jpg?resize=525%2C300 1.5x, https:\/\/i0.wp.com\/www.legambientevda.it\/wp-content\/uploads\/2017\/06\/Locandina-MRR-Giugno.jpg?resize=700%2C400 2x, https:\/\/i0.wp.com\/www.legambientevda.it\/wp-content\/uploads\/2017\/06\/Locandina-MRR-Giugno.jpg?resize=1050%2C600 3x, https:\/\/i0.wp.com\/www.legambientevda.it\/wp-content\/uploads\/2017\/06\/Locandina-MRR-Giugno.jpg?resize=1400%2C800 4x"},"classes":[]}],"jetpack_likes_enabled":true,"_links":{"self":[{"href":"https:\/\/www.legambientevda.it\/index.php\/wp-json\/wp\/v2\/posts\/1215"}],"collection":[{"href":"https:\/\/www.legambientevda.it\/index.php\/wp-json\/wp\/v2\/posts"}],"about":[{"href":"https:\/\/www.legambientevda.it\/index.php\/wp-json\/wp\/v2\/types\/post"}],"author":[{"embeddable":true,"href":"https:\/\/www.legambientevda.it\/index.php\/wp-json\/wp\/v2\/users\/1"}],"replies":[{"embeddable":true,"href":"https:\/\/www.legambientevda.it\/index.php\/wp-json\/wp\/v2\/comments?post=1215"}],"version-history":[{"count":1,"href":"https:\/\/www.legambientevda.it\/index.php\/wp-json\/wp\/v2\/posts\/1215\/revisions"}],"predecessor-version":[{"id":1217,"href":"https:\/\/www.legambientevda.it\/index.php\/wp-json\/wp\/v2\/posts\/1215\/revisions\/1217"}],"wp:attachment":[{"href":"https:\/\/www.legambientevda.it\/index.php\/wp-json\/wp\/v2\/media?parent=1215"}],"wp:term":[{"taxonomy":"category","embeddable":true,"href":"https:\/\/www.legambientevda.it\/index.php\/wp-json\/wp\/v2\/categories?post=1215"},{"taxonomy":"post_tag","embeddable":true,"href":"https:\/\/www.legambientevda.it\/index.php\/wp-json\/wp\/v2\/tags?post=1215"}],"curies":[{"name":"wp","href":"https:\/\/api.w.org\/{rel}","templated":true}]}}