{"id":1169,"date":"2020-11-15T21:32:59","date_gmt":"2020-11-15T20:32:59","guid":{"rendered":"http:\/\/www.legambientevda.it\/?p=1169"},"modified":"2021-02-08T22:55:39","modified_gmt":"2021-02-08T21:55:39","slug":"seconda-edizione-del-toubab-festival-della-rete-antirazzista-si-parte-mercoledi-18-novembre-con-un-evento-organizzato-da-legambiente","status":"publish","type":"post","link":"https:\/\/www.legambientevda.it\/index.php\/2020\/11\/15\/seconda-edizione-del-toubab-festival-della-rete-antirazzista-si-parte-mercoledi-18-novembre-con-un-evento-organizzato-da-legambiente\/","title":{"rendered":"seconda edizione del TOUBAB FESTIVAL DELLA RETE ANTIRAZZISTA-SI PARTE MERCOLEDI&#8217; 18 NOVEMBRE CON UN EVENTO ORGANIZZATO DA LEGAMBIENTE"},"content":{"rendered":"<p><img decoding=\"async\" loading=\"lazy\" class=\"alignnone  wp-image-1170\" src=\"http:\/\/www.legambientevda.it\/wp-content\/uploads\/2020\/11\/Toubab-LA-248x300.jpeg\" alt=\"\" width=\"333\" height=\"403\" srcset=\"https:\/\/www.legambientevda.it\/wp-content\/uploads\/2020\/11\/Toubab-LA-248x300.jpeg 248w, https:\/\/www.legambientevda.it\/wp-content\/uploads\/2020\/11\/Toubab-LA-847x1024.jpeg 847w, https:\/\/www.legambientevda.it\/wp-content\/uploads\/2020\/11\/Toubab-LA.jpeg 960w\" sizes=\"(max-width: 333px) 100vw, 333px\" \/><\/p>\n\n\n\n<p>https:\/\/www.facebook.com\/reteantirazzistavda\/Parte la seconda edizione del TOUBAB FESTIVAL, organizzato dalla Rete Antirazzista VDA.<\/p>\n<p>Il ciclo di iniziativve \u00e8 aperto da Legambiente VDA, con un incontro online speciale, ospitando un avvocato esperto in diritti umani, Alessandra Ballerini.<\/p>\n<p>L&#8217;evento \u00e8 programmato per mercoled\u00ec 18 novembre 2020, alle ore 21, in diretta Facebook visibile qui<\/p>\n<p><a href=\"https:\/\/www.facebook.com\/reteantirazzistavda\/\">https:\/\/www.facebook.com\/reteantirazzistavda\/<\/a><\/p>\n<p>Di seguito pubblichiamo il comunicato della Rete di lancio del Festival, con indicazione sui prossimi eventi.<\/p>\n<p>Non mancate!<\/p>\n<blockquote>\n<p class=\"western\" align=\"justify\"><span style=\"font-size: medium;\">La seconda edizione del Toubab Festival si sarebbe dovuta svolgere nel mese di marzo 2020, ma a causa della pandemia e della situazione sanitaria tuttora in corso \u00e8 stata sospesa. Non \u00e8 ancora possibile organizzare incontri ed eventi in presenza fisica, ma la Rete Antirazzista della Valle d\u2019Aosta ha deciso di non rinunciare al proprio impegno culturale e di testimonianza e ha voluto, per questo, proporre una versione online del Toubab Festival.<\/span><\/p>\n<p class=\"western\" align=\"justify\"><span style=\"font-size: medium;\">La difficile situazione che tutte e tutti stiamo vivendo non pu\u00f2 far passare in secondo piano le questioni sui diritti, sulle discriminazioni, sull\u2019intolleranza: proprio nei momenti di maggior crisi, infatti, questi atteggiamenti si alimentano con sempre maggior forza e virulenza. La Rete Antirazzista vuole continuare a proporre narrazioni opposte e divergenti, provando cos\u00ec a disinnescare il conflitto sociale e umano. Al di l\u00e0 di tutto, si rende necessaria e non pi\u00f9 procrastinabile una nuova ridefinizione del concetto di comunit\u00e0, civile e sociale.<\/span><\/p>\n<p class=\"western\" align=\"justify\"><span style=\"font-size: medium;\">Il Festival inizier\u00e0 mercoled\u00ec 18 novembre 2020, dalle ore 21, con un incontro organizzato dal Circolo Legambiente della Valle d\u2019Aosta, dal titolo \u201cCorpi segregati: i migranti tra emergenza climatica, sanitaria e democratica\u201d. Sar\u00e0 ospite Alessandra Ballerini, avvocata per i diritti umani e giornalista, che dialogher\u00e0 con Giulio Gasperini. Introdurr\u00e0 l\u2019incontro Maria Pia Simonetti. Il secondo appuntamento, organizzato dal Gruppo territoriale di Aosta di Refugees Welcome Italia, si terr\u00e0 gioved\u00ec 26 novembre 2020, dalle ore 20:45: saranno presenti Alessandro Cripsta e Daniele Bonaiuti, autori della graphic novel \u201cEmigrania \u2013 I fiori del mare\u201d, la storia di Moussa, un giovane migrante, tra immagini e parole.<\/span><\/p>\n<p class=\"western\" align=\"justify\"><span style=\"font-size: medium;\">Tutti gli eventi che saranno organizzati nei prossimi mesi verranno trasmessi con una diretta online dalla pagina FB della Rete Antirazzista.<\/span><\/p>\n<p class=\"western\" align=\"justify\"><span style=\"font-size: medium;\">Seguiranno notizie sui canali social della Rete antirazzista e del Toubab festival per gli eventi in calendario nei prossimi mesi.<\/span><\/p>\n<p class=\"western\" align=\"justify\"><span style=\"font-size: medium;\">Nonostante tutto e soprattutto restiamo umani e facciamoci comunit\u00e0 solidale e consapevole!<\/span><\/p>\n<\/blockquote>\n<p class=\"western\" align=\"justify\">\n<\/p><p class=\"western\" align=\"justify\"><\/p>","protected":false},"excerpt":{"rendered":"<p>https:\/\/www.facebook.com\/reteantirazzistavda\/Parte la seconda edizione del TOUBAB FESTIVAL, organizzato dalla Rete Antirazzista VDA. Il ciclo di iniziativve \u00e8 aperto da Legambiente VDA, con un incontro online speciale, ospitando un avvocato esperto in diritti umani, Alessandra Ballerini. L&#8217;evento \u00e8 programmato per mercoled\u00ec 18 novembre 2020, alle ore 21, in diretta Facebook visibile qui https:\/\/www.facebook.com\/reteantirazzistavda\/ Di seguito pubblichiamo &hellip; <a href=\"https:\/\/www.legambientevda.it\/index.php\/2020\/11\/15\/seconda-edizione-del-toubab-festival-della-rete-antirazzista-si-parte-mercoledi-18-novembre-con-un-evento-organizzato-da-legambiente\/\" class=\"more-link\">Continua la lettura di <span class=\"screen-reader-text\">seconda edizione del TOUBAB FESTIVAL DELLA RETE ANTIRAZZISTA-SI PARTE MERCOLEDI&#8217; 18 NOVEMBRE CON UN EVENTO ORGANIZZATO DA LEGAMBIENTE<\/span> <span class=\"meta-nav\">&rarr;<\/span><\/a><\/p>\n","protected":false},"author":1,"featured_media":756,"comment_status":"closed","ping_status":"open","sticky":false,"template":"","format":"standard","meta":{"jetpack_post_was_ever_published":false,"_jetpack_newsletter_access":"","footnotes":""},"categories":[27],"tags":[102],"jetpack_featured_media_url":"https:\/\/www.legambientevda.it\/wp-content\/uploads\/2018\/12\/file.jpeg","jetpack_sharing_enabled":true,"jetpack_shortlink":"https:\/\/wp.me\/p76AmJ-iR","jetpack-related-posts":[{"id":848,"url":"https:\/\/www.legambientevda.it\/index.php\/2019\/03\/03\/toubab-festival-dal-9-al-19-marzo-10-giorni-di-eventi-contro-il-razzismo-e-per-una-buona-accoglienza\/","url_meta":{"origin":1169,"position":0},"title":"TOUBAB FESTIVAL : DAL 9 AL 19 MARZO, 10 GIORNI DI EVENTI CONTRO IL RAZZISMO E PER UNA BUONA ACCOGLIENZA","author":"adminvda","date":"3 Marzo 2019","format":false,"excerpt":"La Rete Antirazzista Valle d'Aosta, di cui Legambiente fa parte, organizza 10 giorni di eventi per presentare esempi di buona accoglienza e contrastare ogni forma di discriminazione. Mostre, laboratori, conferenze, proiezioni, concerti, per informare e dire NO ad ogni forma di razzismo. Per conoscere i diversi appuntamenti organizzati, guarda la\u2026","rel":"","context":"In &quot;iniziative sul territorio&quot;","block_context":{"text":"iniziative sul territorio","link":"https:\/\/www.legambientevda.it\/index.php\/category\/iniziative-sul-territorio\/"},"img":{"alt_text":"","src":"https:\/\/i0.wp.com\/www.legambientevda.it\/wp-content\/uploads\/2019\/03\/Locandina-iniziative-zone-umide-001-1.jpg?resize=350%2C200&ssl=1","width":350,"height":200},"classes":[]},{"id":763,"url":"https:\/\/www.legambientevda.it\/index.php\/2019\/02\/01\/sabato-2-febbraio-primo-evento-pubblico-della-rete-antirazzista\/","url_meta":{"origin":1169,"position":1},"title":"SABATO 2 FEBBRAIO PRIMO EVENTO PUBBLICO DELLA RETE ANTIRAZZISTA","author":"adminvda","date":"1 Febbraio 2019","format":false,"excerpt":"La Rete Antirazzista VdA (di cui Legambiente fa parte) ti invita a questo evento: Storie di migrazione, storie di alfabetizzazione. Sabato 2 febbraio salone dell\u2019Immacolata, Aosta Ore 18 Presentazione attivit\u00e0 associazione Baobab Ore 19 Presentazione progetto editoriale End edizioni Nella locandina trovi i contatti per l\u2019eventuale cena a prenotazione obbligatoria","rel":"","context":"In &quot;informazione&quot;","block_context":{"text":"informazione","link":"https:\/\/www.legambientevda.it\/index.php\/category\/informazione\/"},"img":{"alt_text":"","src":"https:\/\/i0.wp.com\/www.legambientevda.it\/wp-content\/uploads\/2019\/02\/stranieri.jpg?resize=350%2C200&ssl=1","width":350,"height":200,"srcset":"https:\/\/i0.wp.com\/www.legambientevda.it\/wp-content\/uploads\/2019\/02\/stranieri.jpg?resize=350%2C200&ssl=1 1x, https:\/\/i0.wp.com\/www.legambientevda.it\/wp-content\/uploads\/2019\/02\/stranieri.jpg?resize=525%2C300&ssl=1 1.5x, https:\/\/i0.wp.com\/www.legambientevda.it\/wp-content\/uploads\/2019\/02\/stranieri.jpg?resize=700%2C400&ssl=1 2x"},"classes":[]},{"id":739,"url":"https:\/\/www.legambientevda.it\/index.php\/2018\/12\/20\/nuovo-bando-per-il-sostegno-agli-affitti-la-protesta-della-rete-antirazzista\/","url_meta":{"origin":1169,"position":2},"title":"Nuovo bando per il sostegno agli affitti : la protesta della Rete Antirazzista","author":"adminvda","date":"20 Dicembre 2018","format":false,"excerpt":"Pubblichiamo il comunicato stampa della Rete Antirazzista della Valle d'Aosta, della quale fa parte anche il nostro Circolo La Rete antirazzista della Valle d\u2019Aosta apprende con estrema indignazione la modifica al \u201cBando affitti 2018\u201d introdotta dalla Giunta regionale Spelgatti, oggi deposta, che introduce un elemento di evidente discriminazione tra cittadini\u2026","rel":"","context":"In &quot;comunicato stampa&quot;","block_context":{"text":"comunicato stampa","link":"https:\/\/www.legambientevda.it\/index.php\/category\/comunicato-stampa\/"},"img":{"alt_text":"","src":"https:\/\/i0.wp.com\/www.legambientevda.it\/wp-content\/uploads\/2018\/12\/file.jpeg?resize=350%2C200&ssl=1","width":350,"height":200,"srcset":"https:\/\/i0.wp.com\/www.legambientevda.it\/wp-content\/uploads\/2018\/12\/file.jpeg?resize=350%2C200&ssl=1 1x, https:\/\/i0.wp.com\/www.legambientevda.it\/wp-content\/uploads\/2018\/12\/file.jpeg?resize=525%2C300&ssl=1 1.5x"},"classes":[]},{"id":941,"url":"https:\/\/www.legambientevda.it\/index.php\/2019\/06\/12\/20-giugnogiornata-mondiale-del-rifugiato-iniziativa-della-rete-antirazzista-vda\/","url_meta":{"origin":1169,"position":3},"title":"20 GIUGNO,GIORNATA MONDIALE DEL RIFUGIATO: INIZIATIVA DELLA RETE ANTIRAZZISTA VDA","author":"adminvda","date":"12 Giugno 2019","format":false,"excerpt":"ALLE ORE 18 ALL'ORTO S.ORSO INCONTRI GESTI E LETTURE PER CONTRASTARE L'INTOLLERANZA.","rel":"","context":"In &quot;Senza categoria&quot;","block_context":{"text":"Senza categoria","link":"https:\/\/www.legambientevda.it\/index.php\/category\/senza-categoria\/"},"img":{"alt_text":"","src":"https:\/\/i0.wp.com\/www.legambientevda.it\/wp-content\/uploads\/2018\/12\/file.jpeg?resize=350%2C200&ssl=1","width":350,"height":200,"srcset":"https:\/\/i0.wp.com\/www.legambientevda.it\/wp-content\/uploads\/2018\/12\/file.jpeg?resize=350%2C200&ssl=1 1x, https:\/\/i0.wp.com\/www.legambientevda.it\/wp-content\/uploads\/2018\/12\/file.jpeg?resize=525%2C300&ssl=1 1.5x"},"classes":[]},{"id":944,"url":"https:\/\/www.legambientevda.it\/index.php\/2019\/06\/21\/tutti-in-coro\/","url_meta":{"origin":1169,"position":4},"title":"tutti in coro!","author":"adminvda","date":"21 Giugno 2019","format":false,"excerpt":"INIZIATIVA DELLA RETE ANTIRAZZISTA-GIOVED\u00ec 27 GIUGNO 0RE21","rel":"","context":"In &quot;iniziative sul territorio&quot;","block_context":{"text":"iniziative sul territorio","link":"https:\/\/www.legambientevda.it\/index.php\/category\/iniziative-sul-territorio\/"},"img":{"alt_text":"","src":"https:\/\/i0.wp.com\/www.legambientevda.it\/wp-content\/uploads\/2018\/12\/file.jpeg?resize=350%2C200&ssl=1","width":350,"height":200,"srcset":"https:\/\/i0.wp.com\/www.legambientevda.it\/wp-content\/uploads\/2018\/12\/file.jpeg?resize=350%2C200&ssl=1 1x, https:\/\/i0.wp.com\/www.legambientevda.it\/wp-content\/uploads\/2018\/12\/file.jpeg?resize=525%2C300&ssl=1 1.5x"},"classes":[]},{"id":939,"url":"https:\/\/www.legambientevda.it\/index.php\/2019\/06\/12\/comunicato-della-rete-antirazzista-vda-sul-nuovo-bando-prefettizio-per-i-servizi-di-accoglienza-di-migranti-e-profughi\/","url_meta":{"origin":1169,"position":5},"title":"COMUNICATO DELLA RETE ANTIRAZZISTA VDA SUL NUOVO BANDO PREFETTIZIO PER I SERVIZI DI ACCOGLIENZA DI MIGRANTI E PROFUGHI.","author":"adminvda","date":"12 Giugno 2019","format":false,"excerpt":"La Rete Antirazzista della Valle d'Aosta esprime forte preoccupazione per le possibili ripercussioni che si avranno sul territorio in relazione alla gestione dell'accoglienza straordinaria di cittadini stranieri richiedenti asilo, cos\u00ec come configurata dalla gara per l'affidamento dei servizi bandita, in conformit\u00e0 alle direttive impartite dal Ministero dell\u2019Interno, dalla Regione Autonoma\u2026","rel":"","context":"In &quot;comunicato stampa&quot;","block_context":{"text":"comunicato stampa","link":"https:\/\/www.legambientevda.it\/index.php\/category\/comunicato-stampa\/"},"img":{"alt_text":"","src":"https:\/\/i0.wp.com\/www.legambientevda.it\/wp-content\/uploads\/2018\/12\/file.jpeg?resize=350%2C200&ssl=1","width":350,"height":200,"srcset":"https:\/\/i0.wp.com\/www.legambientevda.it\/wp-content\/uploads\/2018\/12\/file.jpeg?resize=350%2C200&ssl=1 1x, https:\/\/i0.wp.com\/www.legambientevda.it\/wp-content\/uploads\/2018\/12\/file.jpeg?resize=525%2C300&ssl=1 1.5x"},"classes":[]}],"jetpack_likes_enabled":true,"_links":{"self":[{"href":"https:\/\/www.legambientevda.it\/index.php\/wp-json\/wp\/v2\/posts\/1169"}],"collection":[{"href":"https:\/\/www.legambientevda.it\/index.php\/wp-json\/wp\/v2\/posts"}],"about":[{"href":"https:\/\/www.legambientevda.it\/index.php\/wp-json\/wp\/v2\/types\/post"}],"author":[{"embeddable":true,"href":"https:\/\/www.legambientevda.it\/index.php\/wp-json\/wp\/v2\/users\/1"}],"replies":[{"embeddable":true,"href":"https:\/\/www.legambientevda.it\/index.php\/wp-json\/wp\/v2\/comments?post=1169"}],"version-history":[{"count":2,"href":"https:\/\/www.legambientevda.it\/index.php\/wp-json\/wp\/v2\/posts\/1169\/revisions"}],"predecessor-version":[{"id":1172,"href":"https:\/\/www.legambientevda.it\/index.php\/wp-json\/wp\/v2\/posts\/1169\/revisions\/1172"}],"wp:featuredmedia":[{"embeddable":true,"href":"https:\/\/www.legambientevda.it\/index.php\/wp-json\/wp\/v2\/media\/756"}],"wp:attachment":[{"href":"https:\/\/www.legambientevda.it\/index.php\/wp-json\/wp\/v2\/media?parent=1169"}],"wp:term":[{"taxonomy":"category","embeddable":true,"href":"https:\/\/www.legambientevda.it\/index.php\/wp-json\/wp\/v2\/categories?post=1169"},{"taxonomy":"post_tag","embeddable":true,"href":"https:\/\/www.legambientevda.it\/index.php\/wp-json\/wp\/v2\/tags?post=1169"}],"curies":[{"name":"wp","href":"https:\/\/api.w.org\/{rel}","templated":true}]}}